{"id":23808,"date":"2026-02-24T09:07:08","date_gmt":"2026-02-24T15:07:08","guid":{"rendered":"https:\/\/elmetidosv.com\/?p=23808"},"modified":"2026-02-24T09:07:08","modified_gmt":"2026-02-24T15:07:08","slug":"fuertes-vientos-causan-danos-en-el-tendido-electrico-de-ataco-ahuachapan","status":"publish","type":"post","link":"https:\/\/elmetidosv.com\/?p=23808","title":{"rendered":"FUERTES VIENTOS CAUSAN DA\u00d1OS EN EL TENDIDO EL\u00c9CTRICO DE ATACO, AHUACHAP\u00c1N"},"content":{"rendered":"\n<figure class=\"wp-block-image size-large\"><img loading=\"lazy\" decoding=\"async\" width=\"1024\" height=\"768\" src=\"https:\/\/elmetidosv.com\/wp-content\/uploads\/2026\/02\/AHUA-2-1024x768.jpg\" alt=\"\" class=\"wp-image-23810\" srcset=\"https:\/\/elmetidosv.com\/wp-content\/uploads\/2026\/02\/AHUA-2-1024x768.jpg 1024w, https:\/\/elmetidosv.com\/wp-content\/uploads\/2026\/02\/AHUA-2-300x225.jpg 300w, https:\/\/elmetidosv.com\/wp-content\/uploads\/2026\/02\/AHUA-2-768x576.jpg 768w, https:\/\/elmetidosv.com\/wp-content\/uploads\/2026\/02\/AHUA-2.jpg 1080w\" sizes=\"auto, (max-width: 1024px) 100vw, 1024px\" \/><\/figure>\n\n\n\n<p><strong>Ahuachap\u00e1n, El Salvador.<\/strong> \u2014 Varias familias amanecieron este martes sin servicio de energ\u00eda el\u00e9ctrica en el municipio de <strong>Concepci\u00f3n de Ataco<\/strong>, departamento de <strong>Ahuachap\u00e1n<\/strong>, luego de que fuertes vientos registrados durante la madrugada provocaran la ca\u00edda de \u00e1rboles sobre el tendido el\u00e9ctrico en distintos sectores de la localidad.<\/p>\n\n\n\n<p>De acuerdo con reportes de residentes, los da\u00f1os ocasionaron interrupciones en el suministro el\u00e9ctrico, mientras las comunidades afectadas permanecen a la espera de la intervenci\u00f3n de las cuadrillas encargadas de la reparaci\u00f3n de la red. Adem\u00e1s, algunos caminos presentan obst\u00e1culos debido a ramas y \u00e1rboles derribados por las r\u00e1fagas de viento.<\/p>\n\n\n\n<p>Las autoridades y organismos de respuesta hicieron un llamado a la poblaci\u00f3n para que circule con precauci\u00f3n, evite acercarse a cables ca\u00eddos y reporte cualquier situaci\u00f3n de riesgo a las instancias correspondientes, mientras contin\u00faan las labores para restablecer el servicio en las zonas impactadas.<\/p>\n\n\n\n<figure class=\"wp-block-image size-large\"><img loading=\"lazy\" decoding=\"async\" width=\"1024\" height=\"768\" src=\"https:\/\/elmetidosv.com\/wp-content\/uploads\/2026\/02\/AHUA-3-1024x768.jpg\" alt=\"\" class=\"wp-image-23811\" srcset=\"https:\/\/elmetidosv.com\/wp-content\/uploads\/2026\/02\/AHUA-3-1024x768.jpg 1024w, https:\/\/elmetidosv.com\/wp-content\/uploads\/2026\/02\/AHUA-3-300x225.jpg 300w, https:\/\/elmetidosv.com\/wp-content\/uploads\/2026\/02\/AHUA-3-768x576.jpg 768w, https:\/\/elmetidosv.com\/wp-content\/uploads\/2026\/02\/AHUA-3.jpg 1080w\" sizes=\"auto, (max-width: 1024px) 100vw, 1024px\" \/><\/figure>\n","protected":false},"excerpt":{"rendered":"<p>Ahuachap\u00e1n, El Salvador. \u2014 Varias familias amanecieron este martes sin servicio de energ\u00eda el\u00e9ctrica en el municipio de Concepci\u00f3n de<\/p>\n","protected":false},"author":2,"featured_media":23809,"comment_status":"closed","ping_status":"","sticky":false,"template":"","format":"standard","meta":{"colormag_page_container_layout":"default_layout","colormag_page_sidebar_layout":"default_layout","footnotes":""},"categories":[1],"tags":[40,3792,844,3795,3789,3791,330,3794,3790,3793,241,1047],"class_list":["post-23808","post","type-post","status-publish","format-standard","has-post-thumbnail","hentry","category-nacional","tag-ahuachapan","tag-ahuachapan-vientos","tag-clima","tag-clima-el-salvador-tags-ataco","tag-concepcion-de-ataco-sin-energia","tag-danos-tendido-electrico-ataco","tag-emergencia","tag-energia-electrica","tag-fuertes-vientos-el-salvador","tag-interrupcion-electrica-el-salvador","tag-noticia-el-salvador","tag-vientos"],"_links":{"self":[{"href":"https:\/\/elmetidosv.com\/index.php?rest_route=\/wp\/v2\/posts\/23808","targetHints":{"allow":["GET"]}}],"collection":[{"href":"https:\/\/elmetidosv.com\/index.php?rest_route=\/wp\/v2\/posts"}],"about":[{"href":"https:\/\/elmetidosv.com\/index.php?rest_route=\/wp\/v2\/types\/post"}],"author":[{"embeddable":true,"href":"https:\/\/elmetidosv.com\/index.php?rest_route=\/wp\/v2\/users\/2"}],"replies":[{"embeddable":true,"href":"https:\/\/elmetidosv.com\/index.php?rest_route=%2Fwp%2Fv2%2Fcomments&post=23808"}],"version-history":[{"count":1,"href":"https:\/\/elmetidosv.com\/index.php?rest_route=\/wp\/v2\/posts\/23808\/revisions"}],"predecessor-version":[{"id":23812,"href":"https:\/\/elmetidosv.com\/index.php?rest_route=\/wp\/v2\/posts\/23808\/revisions\/23812"}],"wp:featuredmedia":[{"embeddable":true,"href":"https:\/\/elmetidosv.com\/index.php?rest_route=\/wp\/v2\/media\/23809"}],"wp:attachment":[{"href":"https:\/\/elmetidosv.com\/index.php?rest_route=%2Fwp%2Fv2%2Fmedia&parent=23808"}],"wp:term":[{"taxonomy":"category","embeddable":true,"href":"https:\/\/elmetidosv.com\/index.php?rest_route=%2Fwp%2Fv2%2Fcategories&post=23808"},{"taxonomy":"post_tag","embeddable":true,"href":"https:\/\/elmetidosv.com\/index.php?rest_route=%2Fwp%2Fv2%2Ftags&post=23808"}],"curies":[{"name":"wp","href":"https:\/\/api.w.org\/{rel}","templated":true}]}}