{"id":23663,"date":"2026-02-22T08:00:58","date_gmt":"2026-02-22T14:00:58","guid":{"rendered":"https:\/\/elmetidosv.com\/?p=23663"},"modified":"2026-02-22T08:00:58","modified_gmt":"2026-02-22T14:00:58","slug":"motociclista-fallece-tras-ser-atropellado-en-quezaltepequela-libertad","status":"publish","type":"post","link":"https:\/\/elmetidosv.com\/?p=23663","title":{"rendered":"MOTOCICLISTA FALLECE TRAS SER ATROPELLADO EN QUEZALTEPEQUE,LA LIBERTAD"},"content":{"rendered":"\n<figure class=\"wp-block-image size-large\"><img loading=\"lazy\" decoding=\"async\" width=\"1024\" height=\"471\" src=\"https:\/\/elmetidosv.com\/wp-content\/uploads\/2026\/02\/muerto-1-1-1024x471.jpg\" alt=\"\" class=\"wp-image-23665\" srcset=\"https:\/\/elmetidosv.com\/wp-content\/uploads\/2026\/02\/muerto-1-1-1024x471.jpg 1024w, https:\/\/elmetidosv.com\/wp-content\/uploads\/2026\/02\/muerto-1-1-300x138.jpg 300w, https:\/\/elmetidosv.com\/wp-content\/uploads\/2026\/02\/muerto-1-1-768x353.jpg 768w, https:\/\/elmetidosv.com\/wp-content\/uploads\/2026\/02\/muerto-1-1-1536x707.jpg 1536w, https:\/\/elmetidosv.com\/wp-content\/uploads\/2026\/02\/muerto-1-1.jpg 1600w\" sizes=\"auto, (max-width: 1024px) 100vw, 1024px\" \/><\/figure>\n\n\n\n<p><strong>Quezaltepeque, La Libertad Norte, El Salvador.<\/strong> \u2014 Un motociclista de aproximadamente 30 a\u00f1os falleci\u00f3 la madrugada de este d\u00eda tras ser atropellado sobre el kil\u00f3metro 37 de la <strong>Carretera Panamericana<\/strong>, a la altura de la empresa <strong>Zeta Gas<\/strong>, en el distrito de <strong>Quezaltepeque<\/strong>.<\/p>\n\n\n\n<p>El hecho fue reportado alrededor de la 1:30 a. m. al sistema de emergencias. Seg\u00fan informaci\u00f3n preliminar proporcionada por testigos, un veh\u00edculo tipo sed\u00e1n impact\u00f3 al motociclista y posteriormente se dio a la fuga.<\/p>\n\n\n\n<p>Al llegar al lugar, socorristas de <strong>Comandos de Salvamento<\/strong> confirmaron que la v\u00edctima ya no presentaba signos vitales. El personal brind\u00f3 apoyo a las autoridades correspondientes y colabor\u00f3 en la movilizaci\u00f3n del cuerpo hacia una zona segura, debido a que se encontraba sobre la v\u00eda.<\/p>\n\n\n\n<p>Hasta el momento, se desconoce la identidad del motociclista y el paradero del conductor involucrado. Las autoridades iniciaron las investigaciones para esclarecer las circunstancias del accidente y dar con el responsable.<\/p>\n\n\n\n<figure class=\"wp-block-image size-large\"><img loading=\"lazy\" decoding=\"async\" width=\"1024\" height=\"471\" src=\"https:\/\/elmetidosv.com\/wp-content\/uploads\/2026\/02\/muerto-3-1024x471.jpg\" alt=\"\" class=\"wp-image-23666\" srcset=\"https:\/\/elmetidosv.com\/wp-content\/uploads\/2026\/02\/muerto-3-1024x471.jpg 1024w, https:\/\/elmetidosv.com\/wp-content\/uploads\/2026\/02\/muerto-3-300x138.jpg 300w, https:\/\/elmetidosv.com\/wp-content\/uploads\/2026\/02\/muerto-3-768x353.jpg 768w, https:\/\/elmetidosv.com\/wp-content\/uploads\/2026\/02\/muerto-3-1536x707.jpg 1536w, https:\/\/elmetidosv.com\/wp-content\/uploads\/2026\/02\/muerto-3.jpg 1600w\" sizes=\"auto, (max-width: 1024px) 100vw, 1024px\" \/><\/figure>\n","protected":false},"excerpt":{"rendered":"<p>Quezaltepeque, La Libertad Norte, El Salvador. \u2014 Un motociclista de aproximadamente 30 a\u00f1os falleci\u00f3 la madrugada de este d\u00eda tras<\/p>\n","protected":false},"author":2,"featured_media":23664,"comment_status":"closed","ping_status":"","sticky":false,"template":"","format":"standard","meta":{"colormag_page_container_layout":"default_layout","colormag_page_sidebar_layout":"default_layout","footnotes":""},"categories":[1],"tags":[1270,1272,1261,3568,1265,625,899,111,3566,3567,129,477],"class_list":["post-23663","post","type-post","status-publish","format-standard","has-post-thumbnail","hentry","category-nacional","tag-carreterapanamericana","tag-comandosdesalvamento","tag-noticiaselsalvador","tag-quezaltepeque-2","tag-seguridadvial","tag-accidente-de-transito-el-salvador","tag-atropello","tag-carretera-panamericana","tag-comandos-de-salvamento-tags-accidentedetransito","tag-fuga-del-conductor","tag-motociclista-fallecido","tag-quezaltepeque"],"_links":{"self":[{"href":"https:\/\/elmetidosv.com\/index.php?rest_route=\/wp\/v2\/posts\/23663","targetHints":{"allow":["GET"]}}],"collection":[{"href":"https:\/\/elmetidosv.com\/index.php?rest_route=\/wp\/v2\/posts"}],"about":[{"href":"https:\/\/elmetidosv.com\/index.php?rest_route=\/wp\/v2\/types\/post"}],"author":[{"embeddable":true,"href":"https:\/\/elmetidosv.com\/index.php?rest_route=\/wp\/v2\/users\/2"}],"replies":[{"embeddable":true,"href":"https:\/\/elmetidosv.com\/index.php?rest_route=%2Fwp%2Fv2%2Fcomments&post=23663"}],"version-history":[{"count":1,"href":"https:\/\/elmetidosv.com\/index.php?rest_route=\/wp\/v2\/posts\/23663\/revisions"}],"predecessor-version":[{"id":23667,"href":"https:\/\/elmetidosv.com\/index.php?rest_route=\/wp\/v2\/posts\/23663\/revisions\/23667"}],"wp:featuredmedia":[{"embeddable":true,"href":"https:\/\/elmetidosv.com\/index.php?rest_route=\/wp\/v2\/media\/23664"}],"wp:attachment":[{"href":"https:\/\/elmetidosv.com\/index.php?rest_route=%2Fwp%2Fv2%2Fmedia&parent=23663"}],"wp:term":[{"taxonomy":"category","embeddable":true,"href":"https:\/\/elmetidosv.com\/index.php?rest_route=%2Fwp%2Fv2%2Fcategories&post=23663"},{"taxonomy":"post_tag","embeddable":true,"href":"https:\/\/elmetidosv.com\/index.php?rest_route=%2Fwp%2Fv2%2Ftags&post=23663"}],"curies":[{"name":"wp","href":"https:\/\/api.w.org\/{rel}","templated":true}]}}