{"id":23654,"date":"2026-02-22T07:38:11","date_gmt":"2026-02-22T13:38:11","guid":{"rendered":"https:\/\/elmetidosv.com\/?p=23654"},"modified":"2026-02-22T07:41:40","modified_gmt":"2026-02-22T13:41:40","slug":"santa-ana-dos-personas-resultan-lesionadas-en-incidente-en-ciudad-real-sao-el-presunto-agresor-fue-capturado","status":"publish","type":"post","link":"https:\/\/elmetidosv.com\/?p=23654","title":{"rendered":"SANTA ANA; DOS PERSONAS RESULTAN LESIONADAS EN INCIDENTE EN CIUDAD REAL; SAO, EL PRESUNTO AGRESOR FUE CAPTURADO"},"content":{"rendered":"\n<figure class=\"wp-block-image size-full\"><img loading=\"lazy\" decoding=\"async\" width=\"720\" height=\"969\" src=\"https:\/\/elmetidosv.com\/wp-content\/uploads\/2026\/02\/loco-1-5.jpeg\" alt=\"\" class=\"wp-image-23656\" srcset=\"https:\/\/elmetidosv.com\/wp-content\/uploads\/2026\/02\/loco-1-5.jpeg 720w, https:\/\/elmetidosv.com\/wp-content\/uploads\/2026\/02\/loco-1-5-223x300.jpeg 223w\" sizes=\"auto, (max-width: 720px) 100vw, 720px\" \/><\/figure>\n\n\n\n<p><strong>Santa Ana Oeste, El Salvador.<\/strong> \u2014 Momentos de tensi\u00f3n se registraron la noche del s\u00e1bado 21 de febrero en <strong>Ciudad Real<\/strong>, distrito de <strong>San Sebasti\u00e1n Salitrillo<\/strong>, donde dos hombres resultaron lesionados tras un incidente ocurrido en una calle que divide las residenciales Sevilla 1 y 2.<\/p>\n\n\n\n<p>De acuerdo con informaci\u00f3n preliminar, el hecho se produjo alrededor de las 10:35 de la noche, cuando un sujeto atac\u00f3 a dos personas utilizando un objeto cortante. La situaci\u00f3n gener\u00f3 alarma entre los residentes y transe\u00fantes del sector.<\/p>\n\n\n\n<p>En un video difundido en redes sociales se observa al individuo portando el objeto, as\u00ed como la intervenci\u00f3n de una mujer que se interpuso para evitar que la situaci\u00f3n escalara, lo que permiti\u00f3 contener el incidente mientras llegaban las autoridades.<\/p>\n\n\n\n<figure class=\"wp-block-image size-full is-resized\"><img loading=\"lazy\" decoding=\"async\" width=\"720\" height=\"410\" src=\"https:\/\/elmetidosv.com\/wp-content\/uploads\/2026\/02\/loco-3-2.jpeg\" alt=\"\" class=\"wp-image-23657\" style=\"width:760px;height:auto\" srcset=\"https:\/\/elmetidosv.com\/wp-content\/uploads\/2026\/02\/loco-3-2.jpeg 720w, https:\/\/elmetidosv.com\/wp-content\/uploads\/2026\/02\/loco-3-2-300x171.jpeg 300w\" sizes=\"auto, (max-width: 720px) 100vw, 720px\" \/><\/figure>\n\n\n\n<p>Las personas lesionadas fueron auxiliadas por equipos de emergencia y trasladadas a un centro hospitalario para recibir atenci\u00f3n m\u00e9dica. Hasta el momento, no se ha proporcionado informaci\u00f3n oficial sobre su identidad ni sobre su estado de salud.<\/p>\n\n\n\n<p>Elementos de la <strong>Polic\u00eda Nacional Civil<\/strong> procedieron a la captura del presunto agresor y acordonaron la zona para recabar indicios que contribuyan a la investigaci\u00f3n. Las autoridades no han confirmado oficialmente las circunstancias que habr\u00edan motivado el hecho.<\/p>\n\n\n\n<p>Habitantes del sector expresaron su preocupaci\u00f3n y solicitaron mayor presencia policial, se\u00f1alando que el incidente ocurri\u00f3 a pocas cuadras de un puesto policial de la residencial. El caso contin\u00faa bajo investigaci\u00f3n para determinar responsabilidades conforme a la ley, pero piden que este sujeto pague con c\u00e1rcel por la egresi\u00f3n en la que hiri\u00f3 a los dos hombres que ahora est\u00e1n en una camilla de hospital y afecto emocionalmente a toda una familia.<\/p>\n\n\n\n<p>Video cortes\u00eda :<\/p>\n\n\n\n<figure class=\"wp-block-embed is-type-rich is-provider-twitter wp-block-embed-twitter\"><div class=\"wp-block-embed__wrapper\">\n<blockquote class=\"twitter-tweet\" data-width=\"550\" data-dnt=\"true\"><p lang=\"es\" dir=\"ltr\"><a href=\"https:\/\/twitter.com\/hashtag\/Nacional?src=hash&amp;ref_src=twsrc%5Etfw\">#Nacional<\/a><br>La noche del s\u00e1bado se registr\u00f3 un hecho violento en la zona de las residenciales Sevilla 1 y 2, en Ciudad Real.<br><br>Un sujeto habr\u00eda agredido a varias personas, presuntamente bajo efectos de estupefacientes.<br><br>Autoridades informaron que el implicado ya fue capturado. <a href=\"https:\/\/t.co\/r4RbHuX7TL\">pic.twitter.com\/r4RbHuX7TL<\/a><\/p>&mdash; El Metido (@elmetidooficial) <a href=\"https:\/\/twitter.com\/elmetidooficial\/status\/2025558337853477219?ref_src=twsrc%5Etfw\">February 22, 2026<\/a><\/blockquote><script async src=\"https:\/\/platform.twitter.com\/widgets.js\" charset=\"utf-8\"><\/script>\n<\/div><\/figure>\n","protected":false},"excerpt":{"rendered":"<p>Santa Ana Oeste, El Salvador. \u2014 Momentos de tensi\u00f3n se registraron la noche del s\u00e1bado 21 de febrero en Ciudad<\/p>\n","protected":false},"author":2,"featured_media":23655,"comment_status":"closed","ping_status":"","sticky":false,"template":"","format":"standard","meta":{"colormag_page_container_layout":"default_layout","colormag_page_sidebar_layout":"default_layout","footnotes":""},"categories":[1],"tags":[3556,1261,1299,3554,1375,217,3552,3553,145,3555,3396,2299,741],"class_list":["post-23654","post","type-post","status-publish","format-standard","has-post-thumbnail","hentry","category-nacional","tag-ciudadreal","tag-noticiaselsalvador","tag-pnc-2","tag-sansebastiansalitrillo","tag-seguridadciudadana","tag-captura-policial","tag-ciudad-real","tag-incidente-nocturno","tag-personas-lesionadas","tag-residenciales-sevilla-tags-santaanaoeste","tag-san-sebastian-salitrillo","tag-santa-ana-oeste","tag-seguridad-ciudadana"],"_links":{"self":[{"href":"https:\/\/elmetidosv.com\/index.php?rest_route=\/wp\/v2\/posts\/23654","targetHints":{"allow":["GET"]}}],"collection":[{"href":"https:\/\/elmetidosv.com\/index.php?rest_route=\/wp\/v2\/posts"}],"about":[{"href":"https:\/\/elmetidosv.com\/index.php?rest_route=\/wp\/v2\/types\/post"}],"author":[{"embeddable":true,"href":"https:\/\/elmetidosv.com\/index.php?rest_route=\/wp\/v2\/users\/2"}],"replies":[{"embeddable":true,"href":"https:\/\/elmetidosv.com\/index.php?rest_route=%2Fwp%2Fv2%2Fcomments&post=23654"}],"version-history":[{"count":2,"href":"https:\/\/elmetidosv.com\/index.php?rest_route=\/wp\/v2\/posts\/23654\/revisions"}],"predecessor-version":[{"id":23659,"href":"https:\/\/elmetidosv.com\/index.php?rest_route=\/wp\/v2\/posts\/23654\/revisions\/23659"}],"wp:featuredmedia":[{"embeddable":true,"href":"https:\/\/elmetidosv.com\/index.php?rest_route=\/wp\/v2\/media\/23655"}],"wp:attachment":[{"href":"https:\/\/elmetidosv.com\/index.php?rest_route=%2Fwp%2Fv2%2Fmedia&parent=23654"}],"wp:term":[{"taxonomy":"category","embeddable":true,"href":"https:\/\/elmetidosv.com\/index.php?rest_route=%2Fwp%2Fv2%2Fcategories&post=23654"},{"taxonomy":"post_tag","embeddable":true,"href":"https:\/\/elmetidosv.com\/index.php?rest_route=%2Fwp%2Fv2%2Ftags&post=23654"}],"curies":[{"name":"wp","href":"https:\/\/api.w.org\/{rel}","templated":true}]}}