{"id":23576,"date":"2026-02-19T17:06:42","date_gmt":"2026-02-19T23:06:42","guid":{"rendered":"https:\/\/elmetidosv.com\/?p=23576"},"modified":"2026-02-19T17:12:53","modified_gmt":"2026-02-19T23:12:53","slug":"comenzaron-a-instalalar-palmeras-de-qatar-en-la-plaza-bethel-y-el-bulevar-la-fe-de-chalchuapa","status":"publish","type":"post","link":"https:\/\/elmetidosv.com\/?p=23576","title":{"rendered":"COMENZARON A INSTALALAR PALMERAS DE QATAR EN LA VILLA BETHEL Y EL BULEVAR LA FE DE CHALCHUAPA"},"content":{"rendered":"\n<figure class=\"wp-block-image size-large\"><img loading=\"lazy\" decoding=\"async\" width=\"768\" height=\"1024\" src=\"https:\/\/elmetidosv.com\/wp-content\/uploads\/2026\/02\/CHAL-1-768x1024.jpeg\" alt=\"\" class=\"wp-image-23578\" srcset=\"https:\/\/elmetidosv.com\/wp-content\/uploads\/2026\/02\/CHAL-1-768x1024.jpeg 768w, https:\/\/elmetidosv.com\/wp-content\/uploads\/2026\/02\/CHAL-1-225x300.jpeg 225w, https:\/\/elmetidosv.com\/wp-content\/uploads\/2026\/02\/CHAL-1.jpeg 960w\" sizes=\"auto, (max-width: 768px) 100vw, 768px\" \/><\/figure>\n\n\n\n<p><strong>Chalchuapa, Santa Ana Oeste, El Salvador.<\/strong> \u2014 Autoridades locales realizaron la colocaci\u00f3n de palmeras tipo Qatar en espacios p\u00fablicos estrat\u00e9gicos del municipio de <strong>Chalchuapa<\/strong>, como parte de acciones orientadas al mejoramiento del entorno urbano y la imagen paisaj\u00edstica de la ciudad.<\/p>\n\n\n\n<p>Los trabajos se desarrollaron espec\u00edficamente en la <strong>Villa  Bethel<\/strong> y en el <strong>bulevar La Fe<\/strong>, dos zonas de alta afluencia vehicular y peatonal. La intervenci\u00f3n busca embellecer los espacios p\u00fablicos, aportar sombra natural y fortalecer la identidad visual del municipio.<\/p>\n\n\n\n<p>Seg\u00fan informaci\u00f3n brindada a nivel local, la instalaci\u00f3n de estas palmeras forma parte de un plan de ordenamiento y ornato que contempla la recuperaci\u00f3n y modernizaci\u00f3n de \u00e1reas comunes, con \u00e9nfasis en el cuidado ambiental y el bienestar de los habitantes.<\/p>\n\n\n\n<p>Las autoridades hicieron un llamado a la poblaci\u00f3n a colaborar con la conservaci\u00f3n de las nuevas especies ornamentales, evitando da\u00f1os y promoviendo el respeto por los espacios p\u00fablicos recientemente intervenidos.<\/p>\n\n\n\n<figure class=\"wp-block-image size-full\"><img loading=\"lazy\" decoding=\"async\" width=\"1024\" height=\"1024\" src=\"https:\/\/elmetidosv.com\/wp-content\/uploads\/2026\/02\/santeins-2-bueno-1.jpeg\" alt=\"\" class=\"wp-image-23579\" srcset=\"https:\/\/elmetidosv.com\/wp-content\/uploads\/2026\/02\/santeins-2-bueno-1.jpeg 1024w, https:\/\/elmetidosv.com\/wp-content\/uploads\/2026\/02\/santeins-2-bueno-1-300x300.jpeg 300w, https:\/\/elmetidosv.com\/wp-content\/uploads\/2026\/02\/santeins-2-bueno-1-150x150.jpeg 150w, https:\/\/elmetidosv.com\/wp-content\/uploads\/2026\/02\/santeins-2-bueno-1-768x768.jpeg 768w\" sizes=\"auto, (max-width: 1024px) 100vw, 1024px\" \/><\/figure>\n","protected":false},"excerpt":{"rendered":"<p>Chalchuapa, Santa Ana Oeste, El Salvador. \u2014 Autoridades locales realizaron la colocaci\u00f3n de palmeras tipo Qatar en espacios p\u00fablicos estrat\u00e9gicos<\/p>\n","protected":false},"author":2,"featured_media":23577,"comment_status":"closed","ping_status":"closed","sticky":false,"template":"","format":"standard","meta":{"colormag_page_container_layout":"default_layout","colormag_page_sidebar_layout":"default_layout","footnotes":""},"categories":[1],"tags":[3445,1291,3448,3447,3397,3441,1585,3442,3443,3440,3446,3444,2299],"class_list":["post-23576","post","type-post","status-publish","format-standard","has-post-thumbnail","hentry","category-nacional","tag-espaciospublicos","tag-medioambiente","tag-noticiaslocales","tag-ornatourbano","tag-santaanaoeste","tag-bulevar-la-fe","tag-chalchuapa","tag-embellecimiento-urbano","tag-espacios-publicos-tags-chalchuapa","tag-ornato-urbano","tag-palmeras-de-qatar","tag-plaza-bethel","tag-santa-ana-oeste"],"_links":{"self":[{"href":"https:\/\/elmetidosv.com\/index.php?rest_route=\/wp\/v2\/posts\/23576","targetHints":{"allow":["GET"]}}],"collection":[{"href":"https:\/\/elmetidosv.com\/index.php?rest_route=\/wp\/v2\/posts"}],"about":[{"href":"https:\/\/elmetidosv.com\/index.php?rest_route=\/wp\/v2\/types\/post"}],"author":[{"embeddable":true,"href":"https:\/\/elmetidosv.com\/index.php?rest_route=\/wp\/v2\/users\/2"}],"replies":[{"embeddable":true,"href":"https:\/\/elmetidosv.com\/index.php?rest_route=%2Fwp%2Fv2%2Fcomments&post=23576"}],"version-history":[{"count":2,"href":"https:\/\/elmetidosv.com\/index.php?rest_route=\/wp\/v2\/posts\/23576\/revisions"}],"predecessor-version":[{"id":23581,"href":"https:\/\/elmetidosv.com\/index.php?rest_route=\/wp\/v2\/posts\/23576\/revisions\/23581"}],"wp:featuredmedia":[{"embeddable":true,"href":"https:\/\/elmetidosv.com\/index.php?rest_route=\/wp\/v2\/media\/23577"}],"wp:attachment":[{"href":"https:\/\/elmetidosv.com\/index.php?rest_route=%2Fwp%2Fv2%2Fmedia&parent=23576"}],"wp:term":[{"taxonomy":"category","embeddable":true,"href":"https:\/\/elmetidosv.com\/index.php?rest_route=%2Fwp%2Fv2%2Fcategories&post=23576"},{"taxonomy":"post_tag","embeddable":true,"href":"https:\/\/elmetidosv.com\/index.php?rest_route=%2Fwp%2Fv2%2Ftags&post=23576"}],"curies":[{"name":"wp","href":"https:\/\/api.w.org\/{rel}","templated":true}]}}