{"id":2356,"date":"2020-05-05T12:46:08","date_gmt":"2020-05-05T18:46:08","guid":{"rendered":"http:\/\/elmetidosve.com\/?p=2356"},"modified":"2020-05-05T12:46:15","modified_gmt":"2020-05-05T18:46:15","slug":"dos-pacientes-mas-son-dados-de-alta-de-covid-19-en-el-hospital-san-rafael-de-santa-tecla","status":"publish","type":"post","link":"https:\/\/elmetidosv.com\/?p=2356","title":{"rendered":"Dos pacientes m\u00e1s son dados de alta de COVID-19 en el Hospital San Rafael de Santa Tecla"},"content":{"rendered":"\n<figure class=\"wp-block-gallery columns-2 is-cropped wp-block-gallery-1 is-layout-flex wp-block-gallery-is-layout-flex\"><ul class=\"blocks-gallery-grid\"><li class=\"blocks-gallery-item\"><figure><img loading=\"lazy\" decoding=\"async\" width=\"1024\" height=\"682\" src=\"http:\/\/elmetidosve.com\/wp-content\/uploads\/2020\/05\/000000000000000000-34-1024x682.jpg\" alt=\"\" data-id=\"2358\" data-full-url=\"http:\/\/elmetidosve.com\/wp-content\/uploads\/2020\/05\/000000000000000000-34.jpg\" data-link=\"http:\/\/elmetidosve.com\/?attachment_id=2358\" class=\"wp-image-2358\" srcset=\"https:\/\/elmetidosv.com\/wp-content\/uploads\/2020\/05\/000000000000000000-34-1024x682.jpg 1024w, https:\/\/elmetidosv.com\/wp-content\/uploads\/2020\/05\/000000000000000000-34-300x200.jpg 300w, https:\/\/elmetidosv.com\/wp-content\/uploads\/2020\/05\/000000000000000000-34-768x512.jpg 768w, https:\/\/elmetidosv.com\/wp-content\/uploads\/2020\/05\/000000000000000000-34.jpg 1280w\" sizes=\"auto, (max-width: 1024px) 100vw, 1024px\" \/><\/figure><\/li><li class=\"blocks-gallery-item\"><figure><img loading=\"lazy\" decoding=\"async\" width=\"1024\" height=\"837\" src=\"http:\/\/elmetidosve.com\/wp-content\/uploads\/2020\/05\/0000000000000000000000000-35-1024x837.jpg\" alt=\"\" data-id=\"2357\" data-full-url=\"http:\/\/elmetidosve.com\/wp-content\/uploads\/2020\/05\/0000000000000000000000000-35.jpg\" data-link=\"http:\/\/elmetidosve.com\/?attachment_id=2357\" class=\"wp-image-2357\" srcset=\"https:\/\/elmetidosv.com\/wp-content\/uploads\/2020\/05\/0000000000000000000000000-35-1024x837.jpg 1024w, https:\/\/elmetidosv.com\/wp-content\/uploads\/2020\/05\/0000000000000000000000000-35-300x245.jpg 300w, https:\/\/elmetidosv.com\/wp-content\/uploads\/2020\/05\/0000000000000000000000000-35-768x628.jpg 768w, https:\/\/elmetidosv.com\/wp-content\/uploads\/2020\/05\/0000000000000000000000000-35.jpg 1056w\" sizes=\"auto, (max-width: 1024px) 100vw, 1024px\" \/><\/figure><\/li><\/ul><\/figure>\n\n\n\n<p>El gobierno del presidente de la Rep\u00fablica, Nayib Bukele, dio a conocer que dos pacientes m\u00e1s recibieron el alta m\u00e9dica por COVID-19 en el Hospital Nacional San Rafael de Santa Tecla.<\/p>\n\n\n\n<p>Seg\u00fan confirm\u00f3 el ministro de Salud, Francisco Alab\u00ed, se trata de dos pacientes, de 26 y 73 a\u00f1os respectivamente; ambos estuvieron en la Unidad de Cuidados Intensivos (UCI), pero se recuperaron satisfactoriamente gracias a que el personal de salud sigue haciendo una gran labor frente a la emergencia.<\/p>\n\n\n\n<p>\u201cSon dos salvadore\u00f1os m\u00e1s que van a un \u00e1rea de vigilancia mucho menor y que van saliendo adelante de las complicaciones que esta enfermedad pueda tener\u201d, explic\u00f3 el ministro Alabi.<\/p>\n\n\n\n<p>Hasta el momento, en El Salvador se registran 203 personas que se han recuperado satisfactoriamente de la enfermedad.<\/p>\n\n\n\n<p>El ministro Alab\u00ed recalc\u00f3 que \u201cestas dos semanas son cr\u00edticas y debemos de cuidarnos para no vernos afectados por COVID-19\u201d.<\/p>\n","protected":false},"excerpt":{"rendered":"<p>El gobierno del presidente de la Rep\u00fablica, Nayib Bukele, dio a conocer que dos pacientes m\u00e1s recibieron el alta m\u00e9dica<\/p>\n","protected":false},"author":1,"featured_media":2358,"comment_status":"open","ping_status":"open","sticky":false,"template":"","format":"standard","meta":{"colormag_page_container_layout":"default_layout","colormag_page_sidebar_layout":"default_layout","footnotes":""},"categories":[1],"tags":[],"class_list":["post-2356","post","type-post","status-publish","format-standard","has-post-thumbnail","hentry","category-nacional"],"_links":{"self":[{"href":"https:\/\/elmetidosv.com\/index.php?rest_route=\/wp\/v2\/posts\/2356","targetHints":{"allow":["GET"]}}],"collection":[{"href":"https:\/\/elmetidosv.com\/index.php?rest_route=\/wp\/v2\/posts"}],"about":[{"href":"https:\/\/elmetidosv.com\/index.php?rest_route=\/wp\/v2\/types\/post"}],"author":[{"embeddable":true,"href":"https:\/\/elmetidosv.com\/index.php?rest_route=\/wp\/v2\/users\/1"}],"replies":[{"embeddable":true,"href":"https:\/\/elmetidosv.com\/index.php?rest_route=%2Fwp%2Fv2%2Fcomments&post=2356"}],"version-history":[{"count":1,"href":"https:\/\/elmetidosv.com\/index.php?rest_route=\/wp\/v2\/posts\/2356\/revisions"}],"predecessor-version":[{"id":2359,"href":"https:\/\/elmetidosv.com\/index.php?rest_route=\/wp\/v2\/posts\/2356\/revisions\/2359"}],"wp:featuredmedia":[{"embeddable":true,"href":"https:\/\/elmetidosv.com\/index.php?rest_route=\/wp\/v2\/media\/2358"}],"wp:attachment":[{"href":"https:\/\/elmetidosv.com\/index.php?rest_route=%2Fwp%2Fv2%2Fmedia&parent=2356"}],"wp:term":[{"taxonomy":"category","embeddable":true,"href":"https:\/\/elmetidosv.com\/index.php?rest_route=%2Fwp%2Fv2%2Fcategories&post=2356"},{"taxonomy":"post_tag","embeddable":true,"href":"https:\/\/elmetidosv.com\/index.php?rest_route=%2Fwp%2Fv2%2Ftags&post=2356"}],"curies":[{"name":"wp","href":"https:\/\/api.w.org\/{rel}","templated":true}]}}