{"id":2339,"date":"2020-05-04T18:02:08","date_gmt":"2020-05-05T00:02:08","guid":{"rendered":"http:\/\/elmetidosve.com\/?p=2339"},"modified":"2020-05-04T18:02:16","modified_gmt":"2020-05-05T00:02:16","slug":"presidente-bukele-reprograma-cadena-nacional","status":"publish","type":"post","link":"https:\/\/elmetidosv.com\/?p=2339","title":{"rendered":"Presidente Bukele reprograma Cadena Nacional"},"content":{"rendered":"\n<figure class=\"wp-block-image\"><img decoding=\"async\" src=\"https:\/\/elblog.com\/inicio\/wp-content\/uploads\/2020\/05\/cadena.jpg\" alt=\"\"\/><\/figure>\n\n\n\n<p>El presidente de la Rep\u00fablica, Nayib Bukele, reprogram\u00f3 para el martes a las 8:00 de la noche, la Cadena Nacional que hab\u00eda sido agendada inicialmente para la noche de este lunes.<\/p>\n\n\n\n<p>El mandatario salvadore\u00f1o explic\u00f3 que la reprogramaci\u00f3n se debe a la convocatorio que realiz\u00f3 Mario Ponce, a los diputados de la Asamblea Legislativa, para realizar una sesi\u00f3n plenaria extraordinaria este lunes a las 5:30 de la tarde.<\/p>\n\n\n\n<p>El Presidente Bukele dijo que para que los diputados puedan \u201cdeliberar con tiempo y sin presiones\u201d decidi\u00f3 reagendar la Cadena Nacional.<\/p>\n\n\n\n<p>\u201cEn vista de esta convocatoria y para que los diputados puedan deliberar con tiempo y sin presiones, la Cadena Nacional se re programa para ma\u00f1ana, a la misma hora\u201d, expres\u00f3 el Presidente Bukele por medio de un publicaci\u00f3n en Twitter.<\/p>\n\n\n\n<p>Las autoridades esperan que los diputados de la Asamblea Legislativa aprueben los proyectos de ley que han sido enviados al pleno legislativo por el Gobierno para regular la cuarentena domiciliar en beneficio de los salvadore\u00f1os.<\/p>\n","protected":false},"excerpt":{"rendered":"<p>El presidente de la Rep\u00fablica, Nayib Bukele, reprogram\u00f3 para el martes a las 8:00 de la noche, la Cadena Nacional<\/p>\n","protected":false},"author":1,"featured_media":2340,"comment_status":"open","ping_status":"open","sticky":false,"template":"","format":"standard","meta":{"colormag_page_container_layout":"default_layout","colormag_page_sidebar_layout":"default_layout","footnotes":""},"categories":[1],"tags":[],"class_list":["post-2339","post","type-post","status-publish","format-standard","has-post-thumbnail","hentry","category-nacional"],"_links":{"self":[{"href":"https:\/\/elmetidosv.com\/index.php?rest_route=\/wp\/v2\/posts\/2339","targetHints":{"allow":["GET"]}}],"collection":[{"href":"https:\/\/elmetidosv.com\/index.php?rest_route=\/wp\/v2\/posts"}],"about":[{"href":"https:\/\/elmetidosv.com\/index.php?rest_route=\/wp\/v2\/types\/post"}],"author":[{"embeddable":true,"href":"https:\/\/elmetidosv.com\/index.php?rest_route=\/wp\/v2\/users\/1"}],"replies":[{"embeddable":true,"href":"https:\/\/elmetidosv.com\/index.php?rest_route=%2Fwp%2Fv2%2Fcomments&post=2339"}],"version-history":[{"count":1,"href":"https:\/\/elmetidosv.com\/index.php?rest_route=\/wp\/v2\/posts\/2339\/revisions"}],"predecessor-version":[{"id":2341,"href":"https:\/\/elmetidosv.com\/index.php?rest_route=\/wp\/v2\/posts\/2339\/revisions\/2341"}],"wp:featuredmedia":[{"embeddable":true,"href":"https:\/\/elmetidosv.com\/index.php?rest_route=\/wp\/v2\/media\/2340"}],"wp:attachment":[{"href":"https:\/\/elmetidosv.com\/index.php?rest_route=%2Fwp%2Fv2%2Fmedia&parent=2339"}],"wp:term":[{"taxonomy":"category","embeddable":true,"href":"https:\/\/elmetidosv.com\/index.php?rest_route=%2Fwp%2Fv2%2Fcategories&post=2339"},{"taxonomy":"post_tag","embeddable":true,"href":"https:\/\/elmetidosv.com\/index.php?rest_route=%2Fwp%2Fv2%2Ftags&post=2339"}],"curies":[{"name":"wp","href":"https:\/\/api.w.org\/{rel}","templated":true}]}}