{"id":23289,"date":"2026-02-12T09:52:34","date_gmt":"2026-02-12T15:52:34","guid":{"rendered":"https:\/\/elmetidosv.com\/?p=23289"},"modified":"2026-02-12T09:53:42","modified_gmt":"2026-02-12T15:53:42","slug":"continua-el-juicio-contra-el-exalcalde-de-rosario-de-mora-por-peculado-y-malversacion","status":"publish","type":"post","link":"https:\/\/elmetidosv.com\/?p=23289","title":{"rendered":"CONTIN\u00daA EL JUICIO CONTRA EL EXALCALDE DE ROSARIO DE MORA POR PECULADO Y MALVERSACI\u00d3N"},"content":{"rendered":"\n<p>San Salvador, El Salvador.<br>El Tribunal Sexto de Sentencia de San Salvador instal\u00f3 la vista p\u00fablica contra el exalcalde de Rosario de Mora, Juan Miranda P\u00e9rez, de 79 a\u00f1os, acusado de los delitos de peculado y malversaci\u00f3n, en perjuicio de la administraci\u00f3n p\u00fablica y de la referida alcald\u00eda.<br>Seg\u00fan la acusaci\u00f3n fiscal, los hechos habr\u00edan ocurrido durante el per\u00edodo comprendido entre el 1 de mayo de 2009 y el 30 de abril de 2012, cuando el imputado se desempe\u00f1\u00f3 como jefe edilicio de ese municipio.<br>La Fiscal\u00eda General de la Rep\u00fablica (FGR) sostiene que, durante su gesti\u00f3n, Miranda P\u00e9rez habr\u00eda destinado fondos municipales y recursos provenientes del Fondo para el Desarrollo Econ\u00f3mico y Social de los Municipios (FODES) a fines distintos a los establecidos por la ley, generando una afectaci\u00f3n que supera los $130,000.<br>Aunque el exfuncionario enfrentaba el proceso bajo medidas sustitutivas a la detenci\u00f3n, la jueza del caso resolvi\u00f3 decretar detenci\u00f3n provisional para garantizar su presencia en la continuaci\u00f3n del juicio y evitar un posible peligro de fuga.<br>La audiencia continuar\u00e1 el pr\u00f3ximo 18 de febrero<\/p>\n","protected":false},"excerpt":{"rendered":"<p>San Salvador, El Salvador.El Tribunal Sexto de Sentencia de San Salvador instal\u00f3 la vista p\u00fablica contra el exalcalde de Rosario<\/p>\n","protected":false},"author":2,"featured_media":23291,"comment_status":"closed","ping_status":"closed","sticky":false,"template":"","format":"standard","meta":{"colormag_page_container_layout":"default_layout","colormag_page_sidebar_layout":"default_layout","footnotes":""},"categories":[1],"tags":[2923,1434,2971,31,2969,363,2968,2970,1882,2974,2972,2967,2973,126,2582],"class_list":["post-23289","post","type-post","status-publish","format-standard","has-post-thumbnail","hentry","category-nacional","tag-administracion-publica","tag-corrupcion","tag-corrupcion-municipal-tags-rosario-de-mora","tag-el-salvador","tag-exalcalde","tag-fgr","tag-fodes","tag-juicio-exalcalde-rosario-de-mora","tag-juicio-penal","tag-malversacion","tag-malversacion-de-fondos","tag-peculado","tag-peculado-el-salvador","tag-san-salvador","tag-tribunal-sexto-de-sentencia"],"_links":{"self":[{"href":"https:\/\/elmetidosv.com\/index.php?rest_route=\/wp\/v2\/posts\/23289","targetHints":{"allow":["GET"]}}],"collection":[{"href":"https:\/\/elmetidosv.com\/index.php?rest_route=\/wp\/v2\/posts"}],"about":[{"href":"https:\/\/elmetidosv.com\/index.php?rest_route=\/wp\/v2\/types\/post"}],"author":[{"embeddable":true,"href":"https:\/\/elmetidosv.com\/index.php?rest_route=\/wp\/v2\/users\/2"}],"replies":[{"embeddable":true,"href":"https:\/\/elmetidosv.com\/index.php?rest_route=%2Fwp%2Fv2%2Fcomments&post=23289"}],"version-history":[{"count":1,"href":"https:\/\/elmetidosv.com\/index.php?rest_route=\/wp\/v2\/posts\/23289\/revisions"}],"predecessor-version":[{"id":23290,"href":"https:\/\/elmetidosv.com\/index.php?rest_route=\/wp\/v2\/posts\/23289\/revisions\/23290"}],"wp:featuredmedia":[{"embeddable":true,"href":"https:\/\/elmetidosv.com\/index.php?rest_route=\/wp\/v2\/media\/23291"}],"wp:attachment":[{"href":"https:\/\/elmetidosv.com\/index.php?rest_route=%2Fwp%2Fv2%2Fmedia&parent=23289"}],"wp:term":[{"taxonomy":"category","embeddable":true,"href":"https:\/\/elmetidosv.com\/index.php?rest_route=%2Fwp%2Fv2%2Fcategories&post=23289"},{"taxonomy":"post_tag","embeddable":true,"href":"https:\/\/elmetidosv.com\/index.php?rest_route=%2Fwp%2Fv2%2Ftags&post=23289"}],"curies":[{"name":"wp","href":"https:\/\/api.w.org\/{rel}","templated":true}]}}