{"id":23237,"date":"2026-02-11T09:11:49","date_gmt":"2026-02-11T15:11:49","guid":{"rendered":"https:\/\/elmetidosv.com\/?p=23237"},"modified":"2026-02-11T09:11:49","modified_gmt":"2026-02-11T15:11:49","slug":"bus-de-la-ruta-511-impacta-contra-poste-tras-falla-mecanica-en-san-salvador","status":"publish","type":"post","link":"https:\/\/elmetidosv.com\/?p=23237","title":{"rendered":"B\u00daS DE LA RUTA 511 IMPACTA CONTRA POSTE TRAS FALLA MEC\u00c1NICA EN SAN SALVADOR"},"content":{"rendered":"\n<p><strong>San Salvador.<\/strong><br>Un autob\u00fas de la <strong>ruta 511<\/strong>, que cubre el recorrido entre <strong>San Salvador y San Vicente<\/strong>, se vio involucrado en un accidente de tr\u00e1nsito luego de presentar una <strong>falla mec\u00e1nica<\/strong>, lo que provoc\u00f3 que la unidad impactara la parte trasera contra un <strong>poste del tendido el\u00e9ctrico<\/strong>.<\/p>\n\n\n\n<p>El incidente se registr\u00f3 sobre la <strong>9\u00aa calle oriente<\/strong>, entre la <strong>50\u00aa avenida norte y la alameda Juan Pablo II<\/strong>, en las cercan\u00edas de <strong>FENADESAL<\/strong>, generando alerta entre automovilistas y transe\u00fantes de la zona.<\/p>\n\n\n\n<p>De acuerdo con informaci\u00f3n preliminar a\u00fan <strong>no confirmada por las autoridades<\/strong>, el autob\u00fas se encontraba <strong>en proceso de mantenimiento<\/strong> y <strong>no transportaba pasajeros<\/strong> al momento del percance, por lo que no se reportan personas lesionadas.<\/p>\n\n\n\n<p>Elementos correspondientes se hicieron presentes en el lugar para <strong>verificar la situaci\u00f3n, evaluar los da\u00f1os materiales y regular el tr\u00e1nsito<\/strong>, mientras se realizaban las diligencias necesarias para retirar la unidad y asegurar la zona.<\/p>\n\n\n\n<figure class=\"wp-block-image aligncenter size-full is-resized\"><img loading=\"lazy\" decoding=\"async\" width=\"237\" height=\"376\" src=\"https:\/\/elmetidosv.com\/wp-content\/uploads\/2026\/02\/bus-12-.png\" alt=\"\" class=\"wp-image-23239\" style=\"width:403px;height:auto\" srcset=\"https:\/\/elmetidosv.com\/wp-content\/uploads\/2026\/02\/bus-12-.png 237w, https:\/\/elmetidosv.com\/wp-content\/uploads\/2026\/02\/bus-12--189x300.png 189w\" sizes=\"auto, (max-width: 237px) 100vw, 237px\" \/><\/figure>\n","protected":false},"excerpt":{"rendered":"<p>San Salvador.Un autob\u00fas de la ruta 511, que cubre el recorrido entre San Salvador y San Vicente, se vio involucrado<\/p>\n","protected":false},"author":2,"featured_media":23238,"comment_status":"closed","ping_status":"","sticky":false,"template":"","format":"standard","meta":{"colormag_page_container_layout":"default_layout","colormag_page_sidebar_layout":"default_layout","footnotes":""},"categories":[1],"tags":[2295,427,2887,2885,126,528,2886,1035],"class_list":["post-23237","post","type-post","status-publish","format-standard","has-post-thumbnail","hentry","category-nacional","tag-accidente-de-autobus","tag-accidentes-de-transito","tag-falla-mecanica","tag-ruta-511","tag-san-salvador","tag-sucesos","tag-transito-capitalino-tags-el-salvador","tag-transporte-publico"],"_links":{"self":[{"href":"https:\/\/elmetidosv.com\/index.php?rest_route=\/wp\/v2\/posts\/23237","targetHints":{"allow":["GET"]}}],"collection":[{"href":"https:\/\/elmetidosv.com\/index.php?rest_route=\/wp\/v2\/posts"}],"about":[{"href":"https:\/\/elmetidosv.com\/index.php?rest_route=\/wp\/v2\/types\/post"}],"author":[{"embeddable":true,"href":"https:\/\/elmetidosv.com\/index.php?rest_route=\/wp\/v2\/users\/2"}],"replies":[{"embeddable":true,"href":"https:\/\/elmetidosv.com\/index.php?rest_route=%2Fwp%2Fv2%2Fcomments&post=23237"}],"version-history":[{"count":1,"href":"https:\/\/elmetidosv.com\/index.php?rest_route=\/wp\/v2\/posts\/23237\/revisions"}],"predecessor-version":[{"id":23240,"href":"https:\/\/elmetidosv.com\/index.php?rest_route=\/wp\/v2\/posts\/23237\/revisions\/23240"}],"wp:featuredmedia":[{"embeddable":true,"href":"https:\/\/elmetidosv.com\/index.php?rest_route=\/wp\/v2\/media\/23238"}],"wp:attachment":[{"href":"https:\/\/elmetidosv.com\/index.php?rest_route=%2Fwp%2Fv2%2Fmedia&parent=23237"}],"wp:term":[{"taxonomy":"category","embeddable":true,"href":"https:\/\/elmetidosv.com\/index.php?rest_route=%2Fwp%2Fv2%2Fcategories&post=23237"},{"taxonomy":"post_tag","embeddable":true,"href":"https:\/\/elmetidosv.com\/index.php?rest_route=%2Fwp%2Fv2%2Ftags&post=23237"}],"curies":[{"name":"wp","href":"https:\/\/api.w.org\/{rel}","templated":true}]}}