{"id":23183,"date":"2026-02-10T09:29:40","date_gmt":"2026-02-10T15:29:40","guid":{"rendered":"https:\/\/elmetidosv.com\/?p=23183"},"modified":"2026-02-10T09:29:40","modified_gmt":"2026-02-10T15:29:40","slug":"informe-revela-que-mayoria-de-migrantes-detenidos-por-ice-no-tiene-historial-criminal-violento","status":"publish","type":"post","link":"https:\/\/elmetidosv.com\/?p=23183","title":{"rendered":"INFORME REVELA QUE MAYOR\u00cdA DE MIGRANTES DETENIDOS POR ICE NO TIENE HISTORIAL CRIMINAL VIOLENTO"},"content":{"rendered":"\n<p>Washington, Estados Unidos.<br>La mayor\u00eda de los migrantes detenidos por el Servicio de Inmigraci\u00f3n y Control de Aduanas de Estados Unidos (ICE, por sus siglas en ingl\u00e9s) durante el primer a\u00f1o de la administraci\u00f3n del presidente Donald Trump no presenta historial criminal violento, seg\u00fan un informe divulgado por la cadena CBS con base en documentos del Departamento de Seguridad Nacional (DHS).<br>De acuerdo con el reporte, el 86 % de los migrantes arrestados entre enero de 2025 y enero de 2026 no ten\u00eda antecedentes ni acusaciones por delitos violentos. En ese periodo, ICE realiz\u00f3 casi 400,000 arrestos, de los cuales menos del 14 % correspondieron a personas con historial criminal violento.<br>El informe detalla adem\u00e1s que cerca de cuatro de cada diez detenidos no registraban ning\u00fan antecedente penal, y que muchos de los casos se limitaban a faltas civiles de inmigraci\u00f3n, como residir sin estatus migratorio regular o exceder el tiempo de estad\u00eda autorizado.<br>Aunque el n\u00famero de arrestos se triplic\u00f3 en comparaci\u00f3n con 2024, el porcentaje de personas detenidas con antecedentes criminales disminuy\u00f3, lo que evidencia un cambio en el perfil de los migrantes sujetos a detenci\u00f3n durante este periodo.<br>El reporte tambi\u00e9n hace referencia a estudios adicionales, entre ellos uno elaborado por la Universidad de California en Los \u00c1ngeles (UCLA), que documenta un incremento significativo en la detenci\u00f3n de inmigrantes latinos sin r\u00e9cord criminal, en el contexto de un endurecimiento de las pol\u00edticas migratorias.<br>Los hallazgos han reavivado el debate en Estados Unidos sobre el enfoque de las medidas de control migratorio y su impacto en comunidades sin antecedentes penales, mientras organizaciones defensoras de derechos humanos insisten en la necesidad de priorizar criterios de proporcionalidad y debido proceso.<\/p>\n","protected":false},"excerpt":{"rendered":"<p>Washington, Estados Unidos.La mayor\u00eda de los migrantes detenidos por el Servicio de Inmigraci\u00f3n y Control de Aduanas de Estados Unidos<\/p>\n","protected":false},"author":2,"featured_media":23184,"comment_status":"closed","ping_status":"","sticky":false,"template":"","format":"standard","meta":{"colormag_page_container_layout":"default_layout","colormag_page_sidebar_layout":"default_layout","footnotes":""},"categories":[3],"tags":[2805,2800,209,2806,909,2803,2208,14,1543,2802,2804,26,2215,2801,2799,29,2014,2798],"class_list":["post-23183","post","type-post","status-publish","format-standard","has-post-thumbnail","hentry","category-internacional","tag-administracion-trump-tags-estados-unidos","tag-arrestos-ice","tag-comunidad-latina","tag-control-migratorio","tag-derechos-humanos","tag-detenciones-migratorias","tag-dhs","tag-ice","tag-ice-estados-unidos","tag-informe-cbs","tag-inmigracion-irregular","tag-migracion","tag-migrantes","tag-migrantes-latinos","tag-migrantes-sin-historial-criminal","tag-noticias-internacionales","tag-politica-migratoria","tag-politica-migratoria-ee-uu"],"_links":{"self":[{"href":"https:\/\/elmetidosv.com\/index.php?rest_route=\/wp\/v2\/posts\/23183","targetHints":{"allow":["GET"]}}],"collection":[{"href":"https:\/\/elmetidosv.com\/index.php?rest_route=\/wp\/v2\/posts"}],"about":[{"href":"https:\/\/elmetidosv.com\/index.php?rest_route=\/wp\/v2\/types\/post"}],"author":[{"embeddable":true,"href":"https:\/\/elmetidosv.com\/index.php?rest_route=\/wp\/v2\/users\/2"}],"replies":[{"embeddable":true,"href":"https:\/\/elmetidosv.com\/index.php?rest_route=%2Fwp%2Fv2%2Fcomments&post=23183"}],"version-history":[{"count":1,"href":"https:\/\/elmetidosv.com\/index.php?rest_route=\/wp\/v2\/posts\/23183\/revisions"}],"predecessor-version":[{"id":23185,"href":"https:\/\/elmetidosv.com\/index.php?rest_route=\/wp\/v2\/posts\/23183\/revisions\/23185"}],"wp:featuredmedia":[{"embeddable":true,"href":"https:\/\/elmetidosv.com\/index.php?rest_route=\/wp\/v2\/media\/23184"}],"wp:attachment":[{"href":"https:\/\/elmetidosv.com\/index.php?rest_route=%2Fwp%2Fv2%2Fmedia&parent=23183"}],"wp:term":[{"taxonomy":"category","embeddable":true,"href":"https:\/\/elmetidosv.com\/index.php?rest_route=%2Fwp%2Fv2%2Fcategories&post=23183"},{"taxonomy":"post_tag","embeddable":true,"href":"https:\/\/elmetidosv.com\/index.php?rest_route=%2Fwp%2Fv2%2Ftags&post=23183"}],"curies":[{"name":"wp","href":"https:\/\/api.w.org\/{rel}","templated":true}]}}