{"id":2306,"date":"2020-05-04T12:55:36","date_gmt":"2020-05-04T18:55:36","guid":{"rendered":"http:\/\/elmetidosve.com\/?p=2306"},"modified":"2020-05-04T12:55:42","modified_gmt":"2020-05-04T18:55:42","slug":"180-salvadorenos-vencen-el-covid-19-y-estan-completamente-curados","status":"publish","type":"post","link":"https:\/\/elmetidosv.com\/?p=2306","title":{"rendered":"180 salvadore\u00f1os vencen el COVID-19 y est\u00e1n completamente curados"},"content":{"rendered":"\n<figure class=\"wp-block-image\"><img decoding=\"async\" src=\"https:\/\/pbs.twimg.com\/media\/EXJN1DNWAAEFZdv?format=jpg&amp;name=small\" alt=\"Ver imagen en Twitter\"\/><\/figure>\n\n\n\n<p>Un total de 180 personas se han recuperado del COVID-19, informaron las autoridades de Salud a trav\u00e9s de la p\u00e1gina web covid19.gob.sv<\/p>\n\n\n\n<p>Solo ayer domingo, las autoridades de Salud indicaron que 26 personas ya no poseen el virus en su cuerpo y ya dejaron la Unidad de Cuidados Intensivos (UCI) del hospital  en el que son atendidos.<\/p>\n\n\n\n<p>Hasta el momento, dentro del pron\u00f3stico de los pacientes al menos 266 se encuentran asintom\u00e1ticos, es decir sin s\u00edntomas y 74 estables, explicaron las autoridades de Salud.<\/p>\n\n\n\n<p>Adem\u00e1s, en el pa\u00eds se han realizado 30,387 pruebas  en todo el pa\u00eds para detectar los posibles casos de coronavirus y que son atendidas la red p\u00fablica hospitalaria.<\/p>\n\n\n\n<p>El Gobierno de El Salvador  hace el llamado a la ciudadan\u00eda a cumplir con la cuarentena domiciliar obligatoria como el distanciamiento social, para prevenir posibles casos de coronavirus en el pa\u00eds.<\/p>\n","protected":false},"excerpt":{"rendered":"<p>Un total de 180 personas se han recuperado del COVID-19, informaron las autoridades de Salud a trav\u00e9s de la p\u00e1gina<\/p>\n","protected":false},"author":1,"featured_media":2201,"comment_status":"open","ping_status":"open","sticky":false,"template":"","format":"standard","meta":{"colormag_page_container_layout":"default_layout","colormag_page_sidebar_layout":"default_layout","footnotes":""},"categories":[1],"tags":[],"class_list":["post-2306","post","type-post","status-publish","format-standard","has-post-thumbnail","hentry","category-nacional"],"_links":{"self":[{"href":"https:\/\/elmetidosv.com\/index.php?rest_route=\/wp\/v2\/posts\/2306","targetHints":{"allow":["GET"]}}],"collection":[{"href":"https:\/\/elmetidosv.com\/index.php?rest_route=\/wp\/v2\/posts"}],"about":[{"href":"https:\/\/elmetidosv.com\/index.php?rest_route=\/wp\/v2\/types\/post"}],"author":[{"embeddable":true,"href":"https:\/\/elmetidosv.com\/index.php?rest_route=\/wp\/v2\/users\/1"}],"replies":[{"embeddable":true,"href":"https:\/\/elmetidosv.com\/index.php?rest_route=%2Fwp%2Fv2%2Fcomments&post=2306"}],"version-history":[{"count":1,"href":"https:\/\/elmetidosv.com\/index.php?rest_route=\/wp\/v2\/posts\/2306\/revisions"}],"predecessor-version":[{"id":2307,"href":"https:\/\/elmetidosv.com\/index.php?rest_route=\/wp\/v2\/posts\/2306\/revisions\/2307"}],"wp:featuredmedia":[{"embeddable":true,"href":"https:\/\/elmetidosv.com\/index.php?rest_route=\/wp\/v2\/media\/2201"}],"wp:attachment":[{"href":"https:\/\/elmetidosv.com\/index.php?rest_route=%2Fwp%2Fv2%2Fmedia&parent=2306"}],"wp:term":[{"taxonomy":"category","embeddable":true,"href":"https:\/\/elmetidosv.com\/index.php?rest_route=%2Fwp%2Fv2%2Fcategories&post=2306"},{"taxonomy":"post_tag","embeddable":true,"href":"https:\/\/elmetidosv.com\/index.php?rest_route=%2Fwp%2Fv2%2Ftags&post=2306"}],"curies":[{"name":"wp","href":"https:\/\/api.w.org\/{rel}","templated":true}]}}