{"id":23057,"date":"2026-02-08T09:42:44","date_gmt":"2026-02-08T15:42:44","guid":{"rendered":"https:\/\/elmetidosv.com\/?p=23057"},"modified":"2026-02-08T09:42:44","modified_gmt":"2026-02-08T15:42:44","slug":"un-vehiculo-se-estrello-anoche-contra-2-viviendas-en-el-bulevar-nicolas-salume-en-santa-ana","status":"publish","type":"post","link":"https:\/\/elmetidosv.com\/?p=23057","title":{"rendered":"UN VEH\u00cdCULO SE ESTRELL\u00d3 ANOCHE CONTRA 2 VIVIENDAS EN EL BULEVAR NICOL\u00c1S SALUME EN SANTA ANA"},"content":{"rendered":"\n<figure class=\"wp-block-image size-large\"><img loading=\"lazy\" decoding=\"async\" width=\"1024\" height=\"768\" src=\"https:\/\/elmetidosv.com\/wp-content\/uploads\/2026\/02\/santa-2-1024x768.jpg\" alt=\"\" class=\"wp-image-23059\" srcset=\"https:\/\/elmetidosv.com\/wp-content\/uploads\/2026\/02\/santa-2-1024x768.jpg 1024w, https:\/\/elmetidosv.com\/wp-content\/uploads\/2026\/02\/santa-2-300x225.jpg 300w, https:\/\/elmetidosv.com\/wp-content\/uploads\/2026\/02\/santa-2-768x576.jpg 768w, https:\/\/elmetidosv.com\/wp-content\/uploads\/2026\/02\/santa-2-1536x1152.jpg 1536w, https:\/\/elmetidosv.com\/wp-content\/uploads\/2026\/02\/santa-2.jpg 2048w\" sizes=\"auto, (max-width: 1024px) 100vw, 1024px\" \/><\/figure>\n\n\n\n<p>Santa Ana, El Salvador.<br>Un fuerte accidente de tr\u00e1nsito se registr\u00f3 la noche de este s\u00e1bado 7 de febrero sobre el bulevar Nicol\u00e1s Salume, en las cercan\u00edas de Vidri, cuando un veh\u00edculo tipo sed\u00e1n perdi\u00f3 el control, impact\u00f3 contra una valla separadora y termin\u00f3 colisionando con dos viviendas del sector.<br>Aunque en un primer momento se inform\u00f3 que no hab\u00eda personas con lesiones de gravedad, Comandos de Salvamento confirm\u00f3 el traslado de dos mujeres al Hospital Nacional San Juan de Dios. Las pacientes fueron estabilizadas en el lugar por los socorristas tras presentar diversas lesiones producto del impacto.<br>Por su parte, Cruz Verde Salvadore\u00f1a brind\u00f3 atenci\u00f3n prehospitalaria a otro ocupante del veh\u00edculo, quien no requiri\u00f3 traslado a un centro asistencial.<\/p>\n\n\n\n<figure class=\"wp-block-image size-large\"><img loading=\"lazy\" decoding=\"async\" width=\"768\" height=\"1024\" src=\"https:\/\/elmetidosv.com\/wp-content\/uploads\/2026\/02\/santa-3-768x1024.jpg\" alt=\"\" class=\"wp-image-23060\" srcset=\"https:\/\/elmetidosv.com\/wp-content\/uploads\/2026\/02\/santa-3-768x1024.jpg 768w, https:\/\/elmetidosv.com\/wp-content\/uploads\/2026\/02\/santa-3-225x300.jpg 225w, https:\/\/elmetidosv.com\/wp-content\/uploads\/2026\/02\/santa-3-1152x1536.jpg 1152w, https:\/\/elmetidosv.com\/wp-content\/uploads\/2026\/02\/santa-3.jpg 1536w\" sizes=\"auto, (max-width: 768px) 100vw, 768px\" \/><\/figure>\n\n\n\n<p><br>Seg\u00fan la versi\u00f3n preliminar proporcionada por el conductor, el accidente ocurri\u00f3 cuando intent\u00f3 esquivar a un motociclista. Sin embargo, en im\u00e1genes captadas en la escena no se observa la presencia de otro veh\u00edculo involucrado en el sector.<br>Asimismo, Cruz Verde inform\u00f3 que minutos despu\u00e9s se atendi\u00f3 un segundo incidente en el mismo punto, donde varias personas presentaron crisis nerviosa a causa del siniestro y la conmoci\u00f3n generada.<br>Las autoridades competentes realizaron la inspecci\u00f3n correspondiente para determinar las causas exactas del accidente y no se reportaron v\u00edctimas mortales.<\/p>\n\n\n\n<p>Video:<\/p>\n\n\n\n<figure class=\"wp-block-embed is-type-rich is-provider-twitter wp-block-embed-twitter\"><div class=\"wp-block-embed__wrapper\">\n<blockquote class=\"twitter-tweet\" data-width=\"550\" data-dnt=\"true\"><p lang=\"es\" dir=\"ltr\">Anoche se registr\u00f3 un fuerte accidente de tr\u00e1nsito en el Bypass de Santa Ana (Bulevar Nicol\u00e1sSalume) cerca de vidri abajo del redondel de Metrocentro<br>Tres personas viajaban en n veh\u00edculo tipo sedan que se ve en el video el fuerte impacto que sufrieron al chocar contra 2 viviendas <a href=\"https:\/\/t.co\/UsKts77Mud\">pic.twitter.com\/UsKts77Mud<\/a><\/p>&mdash; Noti OccidenteSV (@NOccidente23046) <a href=\"https:\/\/twitter.com\/NOccidente23046\/status\/2020523318214836248?ref_src=twsrc%5Etfw\">February 8, 2026<\/a><\/blockquote><script async src=\"https:\/\/platform.twitter.com\/widgets.js\" charset=\"utf-8\"><\/script>\n<\/div><\/figure>\n","protected":false},"excerpt":{"rendered":"<p>Santa Ana, El Salvador.Un fuerte accidente de tr\u00e1nsito se registr\u00f3 la noche de este s\u00e1bado 7 de febrero sobre el<\/p>\n","protected":false},"author":2,"featured_media":23058,"comment_status":"closed","ping_status":"","sticky":false,"template":"","format":"standard","meta":{"colormag_page_container_layout":"default_layout","colormag_page_sidebar_layout":"default_layout","footnotes":""},"categories":[1],"tags":[110,740,2622,2623,117,149,121,126,120,2621,2624],"class_list":["post-23057","post","type-post","status-publish","format-standard","has-post-thumbnail","hentry","category-nacional","tag-accidente-de-transito","tag-accidentes","tag-bulevar-nicolas-salume","tag-choque-vehicular","tag-comandos-de-salvamento","tag-cruz-verde","tag-emergencias","tag-san-salvador","tag-transito","tag-ultima-hora-2","tag-viviendas-danadas-tags-noticias-el-salvador"],"_links":{"self":[{"href":"https:\/\/elmetidosv.com\/index.php?rest_route=\/wp\/v2\/posts\/23057","targetHints":{"allow":["GET"]}}],"collection":[{"href":"https:\/\/elmetidosv.com\/index.php?rest_route=\/wp\/v2\/posts"}],"about":[{"href":"https:\/\/elmetidosv.com\/index.php?rest_route=\/wp\/v2\/types\/post"}],"author":[{"embeddable":true,"href":"https:\/\/elmetidosv.com\/index.php?rest_route=\/wp\/v2\/users\/2"}],"replies":[{"embeddable":true,"href":"https:\/\/elmetidosv.com\/index.php?rest_route=%2Fwp%2Fv2%2Fcomments&post=23057"}],"version-history":[{"count":1,"href":"https:\/\/elmetidosv.com\/index.php?rest_route=\/wp\/v2\/posts\/23057\/revisions"}],"predecessor-version":[{"id":23061,"href":"https:\/\/elmetidosv.com\/index.php?rest_route=\/wp\/v2\/posts\/23057\/revisions\/23061"}],"wp:featuredmedia":[{"embeddable":true,"href":"https:\/\/elmetidosv.com\/index.php?rest_route=\/wp\/v2\/media\/23058"}],"wp:attachment":[{"href":"https:\/\/elmetidosv.com\/index.php?rest_route=%2Fwp%2Fv2%2Fmedia&parent=23057"}],"wp:term":[{"taxonomy":"category","embeddable":true,"href":"https:\/\/elmetidosv.com\/index.php?rest_route=%2Fwp%2Fv2%2Fcategories&post=23057"},{"taxonomy":"post_tag","embeddable":true,"href":"https:\/\/elmetidosv.com\/index.php?rest_route=%2Fwp%2Fv2%2Ftags&post=23057"}],"curies":[{"name":"wp","href":"https:\/\/api.w.org\/{rel}","templated":true}]}}