{"id":23049,"date":"2026-02-08T09:19:07","date_gmt":"2026-02-08T15:19:07","guid":{"rendered":"https:\/\/elmetidosv.com\/?p=23049"},"modified":"2026-02-08T09:19:07","modified_gmt":"2026-02-08T15:19:07","slug":"vientos-nortes-y-temperaturas-bajas-continuaran-este-domingo-8-de-febrero-en-el-salvador","status":"publish","type":"post","link":"https:\/\/elmetidosv.com\/?p=23049","title":{"rendered":"VIENTOS NORTES Y TEMPERATURAS BAJAS CONTINUAR\u00c1N ESTE DOMINGO 8 DE FEBRERO EN EL SALVADOR"},"content":{"rendered":"\n<p>San Salvador, El Salvador.<br>El Ministerio de Medio Ambiente inform\u00f3 que este domingo 8 de febrero de 2026 continuar\u00e1n los vientos nortes y las temperaturas disminuidas en todo el territorio salvadore\u00f1o, como resultado de la influencia de sistemas de alta presi\u00f3n que permanecen sobre la regi\u00f3n.<br>De acuerdo con el pron\u00f3stico, el cielo se mantendr\u00e1 despejado durante todo el d\u00eda, sin probabilidad de lluvias. No obstante, se espera la presencia de vientos con velocidades promedio entre 10 y 20 kil\u00f3metros por hora, con r\u00e1fagas que podr\u00edan oscilar entre los 30 y 45 kil\u00f3metros por hora, especialmente en la zona occidental del pa\u00eds.<br>Las autoridades ambientales indicaron que estas condiciones son propias de la temporada y continuar\u00e1n orientando vientos del norte hacia el territorio nacional, lo que favorecer\u00e1 un ambiente fresco, principalmente durante la noche y la madrugada.<br>Protecci\u00f3n Civil recomienda a la poblaci\u00f3n tomar precauciones, en especial a quienes transitan por carretera, a pescadores artesanales y a quienes realizan actividades al aire libre, debido a las r\u00e1fagas de viento que podr\u00edan presentarse de forma ocasional.<\/p>\n","protected":false},"excerpt":{"rendered":"<p>San Salvador, El Salvador.El Ministerio de Medio Ambiente inform\u00f3 que este domingo 8 de febrero de 2026 continuar\u00e1n los vientos<\/p>\n","protected":false},"author":2,"featured_media":23050,"comment_status":"closed","ping_status":"","sticky":false,"template":"","format":"standard","meta":{"colormag_page_container_layout":"default_layout","colormag_page_sidebar_layout":"default_layout","footnotes":""},"categories":[1],"tags":[140,844,31,2616,280,1991,295,1995,300,2617],"class_list":["post-23049","post","type-post","status-publish","format-standard","has-post-thumbnail","hentry","category-nacional","tag-actualidad","tag-clima","tag-el-salvador","tag-febrero-2026-tags-noticias-el-salvador","tag-medio-ambiente","tag-ministerio-de-medio-ambiente","tag-pronostico-del-tiempo","tag-temperaturas-bajas","tag-vientos-nortes","tag-zona-occidental"],"_links":{"self":[{"href":"https:\/\/elmetidosv.com\/index.php?rest_route=\/wp\/v2\/posts\/23049","targetHints":{"allow":["GET"]}}],"collection":[{"href":"https:\/\/elmetidosv.com\/index.php?rest_route=\/wp\/v2\/posts"}],"about":[{"href":"https:\/\/elmetidosv.com\/index.php?rest_route=\/wp\/v2\/types\/post"}],"author":[{"embeddable":true,"href":"https:\/\/elmetidosv.com\/index.php?rest_route=\/wp\/v2\/users\/2"}],"replies":[{"embeddable":true,"href":"https:\/\/elmetidosv.com\/index.php?rest_route=%2Fwp%2Fv2%2Fcomments&post=23049"}],"version-history":[{"count":1,"href":"https:\/\/elmetidosv.com\/index.php?rest_route=\/wp\/v2\/posts\/23049\/revisions"}],"predecessor-version":[{"id":23051,"href":"https:\/\/elmetidosv.com\/index.php?rest_route=\/wp\/v2\/posts\/23049\/revisions\/23051"}],"wp:featuredmedia":[{"embeddable":true,"href":"https:\/\/elmetidosv.com\/index.php?rest_route=\/wp\/v2\/media\/23050"}],"wp:attachment":[{"href":"https:\/\/elmetidosv.com\/index.php?rest_route=%2Fwp%2Fv2%2Fmedia&parent=23049"}],"wp:term":[{"taxonomy":"category","embeddable":true,"href":"https:\/\/elmetidosv.com\/index.php?rest_route=%2Fwp%2Fv2%2Fcategories&post=23049"},{"taxonomy":"post_tag","embeddable":true,"href":"https:\/\/elmetidosv.com\/index.php?rest_route=%2Fwp%2Fv2%2Ftags&post=23049"}],"curies":[{"name":"wp","href":"https:\/\/api.w.org\/{rel}","templated":true}]}}