{"id":23045,"date":"2026-02-08T09:08:57","date_gmt":"2026-02-08T15:08:57","guid":{"rendered":"https:\/\/elmetidosv.com\/?p=23045"},"modified":"2026-02-08T09:10:38","modified_gmt":"2026-02-08T15:10:38","slug":"doble-tragedia-en-minnesota-ice-detiene-al-padre-y-la-esposa-mueres-dias-despuescuatro-ninos-quedan-huerfanos-de-cuidado","status":"publish","type":"post","link":"https:\/\/elmetidosv.com\/?p=23045","title":{"rendered":"DOBLE TRAGEDIA EN MINNESOTA: ICE DETIENE AL PADRE Y LA ESPOSA MUERE DIAS DESPUES,CUATRO NI\u00d1OS QUEDAN HU\u00c9RFANOS DE CUIDADO"},"content":{"rendered":"\n<p>Minnesota, Estados Unidos.<br>Una familia atraviesa una situaci\u00f3n cr\u00edtica tras enfrentar una doble tragedia en menos de un a\u00f1o. La madre de cuatro menores falleci\u00f3 recientemente y, el pasado 17 de enero, su padre, V\u00edctor, fue detenido por agentes del Servicio de Inmigraci\u00f3n y Control de Aduanas (ICE) cuando se dirig\u00eda a su trabajo, dejando a los ni\u00f1os sin la presencia de ninguno de sus padres.<br>Familiares informaron que V\u00edctor no posee antecedentes penales y que desde hace m\u00e1s de 10 a\u00f1os ha trabajado de manera constante mientras avanzaba de forma legal en su proceso migratorio. Adem\u00e1s, se\u00f1alan que \u00e9l era el \u00fanico proveedor del hogar tras la muerte de su esposa.<br>Ante la emergencia, allegados a la familia iniciaron una campa\u00f1a de recaudaci\u00f3n de fondos para cubrir gastos legales, renta y necesidades b\u00e1sicas, mientras V\u00edctor permanece bajo custodia migratoria. El objetivo principal es garantizar la estabilidad de los menores y luchar por la reunificaci\u00f3n familiar.<br>La comunidad local ha comenzado a movilizarse en apoyo a los ni\u00f1os, resaltando la urgencia de soluciones humanitarias que prioricen el bienestar de los menores afectados.<\/p>\n","protected":false},"excerpt":{"rendered":"<p>Minnesota, Estados Unidos.Una familia atraviesa una situaci\u00f3n cr\u00edtica tras enfrentar una doble tragedia en menos de un a\u00f1o. La madre<\/p>\n","protected":false},"author":2,"featured_media":23046,"comment_status":"closed","ping_status":"","sticky":false,"template":"","format":"standard","meta":{"colormag_page_container_layout":"default_layout","colormag_page_sidebar_layout":"default_layout","footnotes":""},"categories":[3],"tags":[2613,1396,2612,2615,14,1228,1223,2396,29,2614],"class_list":["post-23045","post","type-post","status-publish","format-standard","has-post-thumbnail","hentry","category-internacional","tag-crisis-humanitaria","tag-detencion-migratoria","tag-familia-inmigrante","tag-familias-migrantes","tag-ice","tag-inmigracion","tag-minnesota","tag-ninos-afectados","tag-noticias-internacionales","tag-reunificacion-familiar-tags-estados-unidos"],"_links":{"self":[{"href":"https:\/\/elmetidosv.com\/index.php?rest_route=\/wp\/v2\/posts\/23045","targetHints":{"allow":["GET"]}}],"collection":[{"href":"https:\/\/elmetidosv.com\/index.php?rest_route=\/wp\/v2\/posts"}],"about":[{"href":"https:\/\/elmetidosv.com\/index.php?rest_route=\/wp\/v2\/types\/post"}],"author":[{"embeddable":true,"href":"https:\/\/elmetidosv.com\/index.php?rest_route=\/wp\/v2\/users\/2"}],"replies":[{"embeddable":true,"href":"https:\/\/elmetidosv.com\/index.php?rest_route=%2Fwp%2Fv2%2Fcomments&post=23045"}],"version-history":[{"count":2,"href":"https:\/\/elmetidosv.com\/index.php?rest_route=\/wp\/v2\/posts\/23045\/revisions"}],"predecessor-version":[{"id":23048,"href":"https:\/\/elmetidosv.com\/index.php?rest_route=\/wp\/v2\/posts\/23045\/revisions\/23048"}],"wp:featuredmedia":[{"embeddable":true,"href":"https:\/\/elmetidosv.com\/index.php?rest_route=\/wp\/v2\/media\/23046"}],"wp:attachment":[{"href":"https:\/\/elmetidosv.com\/index.php?rest_route=%2Fwp%2Fv2%2Fmedia&parent=23045"}],"wp:term":[{"taxonomy":"category","embeddable":true,"href":"https:\/\/elmetidosv.com\/index.php?rest_route=%2Fwp%2Fv2%2Fcategories&post=23045"},{"taxonomy":"post_tag","embeddable":true,"href":"https:\/\/elmetidosv.com\/index.php?rest_route=%2Fwp%2Fv2%2Ftags&post=23045"}],"curies":[{"name":"wp","href":"https:\/\/api.w.org\/{rel}","templated":true}]}}