{"id":22883,"date":"2026-02-04T14:08:53","date_gmt":"2026-02-04T20:08:53","guid":{"rendered":"https:\/\/elmetidosv.com\/?p=22883"},"modified":"2026-02-04T14:10:15","modified_gmt":"2026-02-04T20:10:15","slug":"muere-nino-de-un-ano-tras-caer-accidentalmente-en-canaleta-en-acajutlasonsonate","status":"publish","type":"post","link":"https:\/\/elmetidosv.com\/?p=22883","title":{"rendered":"MUERE NI\u00d1O DE UN A\u00d1O TRAS CAER ACCIDENTALMENTE EN CANALETA EN ACAJUTLA,SONSONATE"},"content":{"rendered":"\n<p>Un ni\u00f1o de <strong>un a\u00f1o de edad<\/strong> falleci\u00f3 este d\u00eda en la <strong>hacienda Atalaya<\/strong>, en el distrito de <strong>Acajutla, Sonsonate<\/strong>, luego de caer de manera accidental en una canaleta de agua, seg\u00fan reportes preliminares.<\/p>\n\n\n\n<p>De acuerdo con la informaci\u00f3n inicial, el menor habr\u00eda sufrido el percance dentro del sector, por causas que a\u00fan se encuentran bajo investigaci\u00f3n. <strong>Autoridades competentes se desplazaron a la zona<\/strong> para realizar las diligencias correspondientes y determinar con exactitud c\u00f3mo ocurrieron los hechos.<\/p>\n\n\n\n<p>Familiares, amigos y vecinos del menor expresaron su pesar por lo sucedido, un hecho que ha generado <strong>consternaci\u00f3n entre los habitantes de la comunidad<\/strong>. Las autoridades reiteraron que ser\u00e1 el proceso investigativo el que establezca las circunstancias del incidente.<\/p>\n\n\n\n<p>El caso se mantiene en desarrollo.<\/p>\n\n\n\n<figure class=\"wp-block-image size-large\"><img loading=\"lazy\" decoding=\"async\" width=\"1024\" height=\"940\" src=\"https:\/\/elmetidosv.com\/wp-content\/uploads\/2026\/02\/canaleta-1-1024x940.jpg\" alt=\"\" class=\"wp-image-22885\" srcset=\"https:\/\/elmetidosv.com\/wp-content\/uploads\/2026\/02\/canaleta-1-1024x940.jpg 1024w, https:\/\/elmetidosv.com\/wp-content\/uploads\/2026\/02\/canaleta-1-300x275.jpg 300w, https:\/\/elmetidosv.com\/wp-content\/uploads\/2026\/02\/canaleta-1-768x705.jpg 768w, https:\/\/elmetidosv.com\/wp-content\/uploads\/2026\/02\/canaleta-1-1536x1409.jpg 1536w, https:\/\/elmetidosv.com\/wp-content\/uploads\/2026\/02\/canaleta-1.jpg 2048w\" sizes=\"auto, (max-width: 1024px) 100vw, 1024px\" \/><\/figure>\n","protected":false},"excerpt":{"rendered":"<p>Un ni\u00f1o de un a\u00f1o de edad falleci\u00f3 este d\u00eda en la hacienda Atalaya, en el distrito de Acajutla, Sonsonate,<\/p>\n","protected":false},"author":2,"featured_media":22887,"comment_status":"closed","ping_status":"closed","sticky":false,"template":"","format":"standard","meta":{"colormag_page_container_layout":"default_layout","colormag_page_sidebar_layout":"default_layout","footnotes":""},"categories":[1],"tags":[893,261,2436,22,258,219,2437],"class_list":["post-22883","post","type-post","status-publish","format-standard","has-post-thumbnail","hentry","category-nacional","tag-acajutla","tag-accidente","tag-canaleta-de-agua","tag-investigacion","tag-nino-fallecido","tag-sonsonate","tag-suceso-lamentable"],"_links":{"self":[{"href":"https:\/\/elmetidosv.com\/index.php?rest_route=\/wp\/v2\/posts\/22883","targetHints":{"allow":["GET"]}}],"collection":[{"href":"https:\/\/elmetidosv.com\/index.php?rest_route=\/wp\/v2\/posts"}],"about":[{"href":"https:\/\/elmetidosv.com\/index.php?rest_route=\/wp\/v2\/types\/post"}],"author":[{"embeddable":true,"href":"https:\/\/elmetidosv.com\/index.php?rest_route=\/wp\/v2\/users\/2"}],"replies":[{"embeddable":true,"href":"https:\/\/elmetidosv.com\/index.php?rest_route=%2Fwp%2Fv2%2Fcomments&post=22883"}],"version-history":[{"count":1,"href":"https:\/\/elmetidosv.com\/index.php?rest_route=\/wp\/v2\/posts\/22883\/revisions"}],"predecessor-version":[{"id":22886,"href":"https:\/\/elmetidosv.com\/index.php?rest_route=\/wp\/v2\/posts\/22883\/revisions\/22886"}],"wp:featuredmedia":[{"embeddable":true,"href":"https:\/\/elmetidosv.com\/index.php?rest_route=\/wp\/v2\/media\/22887"}],"wp:attachment":[{"href":"https:\/\/elmetidosv.com\/index.php?rest_route=%2Fwp%2Fv2%2Fmedia&parent=22883"}],"wp:term":[{"taxonomy":"category","embeddable":true,"href":"https:\/\/elmetidosv.com\/index.php?rest_route=%2Fwp%2Fv2%2Fcategories&post=22883"},{"taxonomy":"post_tag","embeddable":true,"href":"https:\/\/elmetidosv.com\/index.php?rest_route=%2Fwp%2Fv2%2Ftags&post=22883"}],"curies":[{"name":"wp","href":"https:\/\/api.w.org\/{rel}","templated":true}]}}