{"id":22871,"date":"2026-02-04T13:21:33","date_gmt":"2026-02-04T19:21:33","guid":{"rendered":"https:\/\/elmetidosv.com\/?p=22871"},"modified":"2026-02-04T13:22:41","modified_gmt":"2026-02-04T19:22:41","slug":"alex-saab-presunto-testaferro-de-maduro-habria-sido-capturado-en-venezuela","status":"publish","type":"post","link":"https:\/\/elmetidosv.com\/?p=22871","title":{"rendered":"\u00c1LEX SAAB, PRESUNTO TESTAFERRO DE MADURO, HABR\u00cdA SIDO CAPTURADO EN VENEZUELA"},"content":{"rendered":"\n<p><strong>Caracas, Venezuela \/ Washington, Estados Unidos.<\/strong><br>Fuentes de <strong>inteligencia de Estados Unidos y medios internacionales<\/strong> informaron que <strong>\u00c1lex Saab<\/strong>, empresario colombiano se\u00f1alado como <strong>testaferro del expresidente venezolano Nicol\u00e1s Maduro<\/strong>, <strong>habr\u00eda sido capturado en Venezuela<\/strong> durante un operativo conjunto entre las autoridades venezolanas y agentes del <strong>Federal Bureau of Investigation (FBI)<\/strong>.<\/p>\n\n\n\n<p>Seg\u00fan los reportes, el procedimiento se desarroll\u00f3 en horas de la madrugada del <strong>4 de febrero de 2026<\/strong>, cuando el presunto colaborador del r\u00e9gimen fue localizado y <strong>puesto a disposici\u00f3n del Servicio Bolivariano de Inteligencia Nacional (SEBIN)<\/strong>.<\/p>\n\n\n\n<p>Saab ha sido una figura controversial en el \u00e1mbito internacional: fue detenido en <strong>Cabo Verde en 2020 y extraditado a Estados Unidos<\/strong>, donde enfrent\u00f3 acusaciones de conspiraci\u00f3n para lavado de activos vinculadas a su relaci\u00f3n con el gobierno venezolano. Estuvo bajo detenci\u00f3n en ese pa\u00eds hasta <strong>diciembre de 2023<\/strong>, cuando fue liberado tras un acuerdo diplom\u00e1tico entre Washington y Caracas.<\/p>\n\n\n\n<p>Las versiones de inteligencia citadas por medios como <strong>Caracol Radio<\/strong> se\u00f1alan que ahora Saab podr\u00eda enfrentar una <strong>nueva extradici\u00f3n a Estados Unidos<\/strong>, donde podr\u00eda ser procesado por presuntos delitos como <strong>corrupci\u00f3n, lavado de dinero y conspiraci\u00f3n<\/strong>.<\/p>\n\n\n\n<p>La captura representar\u00eda un giro en un caso que ha tenido relevancia internacional por las acusaciones sobre <strong>contratos sobrefacturados, programas sociales estatales y v\u00ednculos empresariales con pa\u00edses de la regi\u00f3n<\/strong>, atribuidos a Saab durante su relaci\u00f3n con el r\u00e9gimen chavista.<\/p>\n\n\n\n<p>Hasta el momento, <strong>no hay confirmaci\u00f3n oficial de los gobiernos implicados<\/strong> ni de fuentes judiciales sobre la extradici\u00f3n, pero la noticia ha generado reacci\u00f3n en plataformas de medios y redes sociales a nivel regional.<\/p>\n\n\n\n<p>Video cortes\u00eda<\/p>\n\n\n\n<figure class=\"wp-block-embed is-type-rich is-provider-twitter wp-block-embed-twitter\"><div class=\"wp-block-embed__wrapper\">\n<blockquote class=\"twitter-tweet\" data-width=\"550\" data-dnt=\"true\"><p lang=\"es\" dir=\"ltr\">\ud83c\uddfb\ud83c\uddea \ud83c\uddfa\ud83c\uddf8 Seg\u00fan medios colombianos, la presidenta de <a href=\"https:\/\/twitter.com\/hashtag\/Venezuela?src=hash&amp;ref_src=twsrc%5Etfw\">#Venezuela<\/a>, <a href=\"https:\/\/twitter.com\/delcyrodriguezv?ref_src=twsrc%5Etfw\">@delcyrodriguezv<\/a>, habr\u00eda ordenado la detenci\u00f3n de Alex Saab, empresario se\u00f1alado por EE. UU. como principal testaferro de Nicol\u00e1s Maduro.<br>\ud83d\udc49\ud83c\udffb Se asegura que fue capturado y que ser\u00eda extraditado a Estados Unidos. <a href=\"https:\/\/t.co\/z0REcXJJTa\">pic.twitter.com\/z0REcXJJTa<\/a><\/p>&mdash; Central News EC (@CentralNewsEC) <a href=\"https:\/\/twitter.com\/CentralNewsEC\/status\/2019124243498430696?ref_src=twsrc%5Etfw\">February 4, 2026<\/a><\/blockquote><script async src=\"https:\/\/platform.twitter.com\/widgets.js\" charset=\"utf-8\"><\/script>\n<\/div><\/figure>\n","protected":false},"excerpt":{"rendered":"<p>Caracas, Venezuela \/ Washington, Estados Unidos.Fuentes de inteligencia de Estados Unidos y medios internacionales informaron que \u00c1lex Saab, empresario colombiano<\/p>\n","protected":false},"author":2,"featured_media":22873,"comment_status":"closed","ping_status":"closed","sticky":false,"template":"","format":"standard","meta":{"colormag_page_container_layout":"default_layout","colormag_page_sidebar_layout":"default_layout","footnotes":""},"categories":[3],"tags":[2415,2406,2410,2414,1434,2412,234,1674,2413,17,2411,2416,29,2407,791,2409,2408],"class_list":["post-22871","post","type-post","status-publish","format-standard","has-post-thumbnail","hentry","category-internacional","tag-alex-saab","tag-alex-saab-capturado-en-venezuela","tag-caracol-radio","tag-caso-saab-2026-tags-venezuela","tag-corrupcion","tag-corrupcion-internacional","tag-delcy-rodriguez","tag-extradicion","tag-extradicion-alex-saab","tag-fbi","tag-inteligencia-de-estados-unidos","tag-maduro","tag-noticias-internacionales","tag-operativo-conjunto-fbi-venezuela","tag-politica","tag-sebin","tag-testaferro-de-nicolas-maduro"],"_links":{"self":[{"href":"https:\/\/elmetidosv.com\/index.php?rest_route=\/wp\/v2\/posts\/22871","targetHints":{"allow":["GET"]}}],"collection":[{"href":"https:\/\/elmetidosv.com\/index.php?rest_route=\/wp\/v2\/posts"}],"about":[{"href":"https:\/\/elmetidosv.com\/index.php?rest_route=\/wp\/v2\/types\/post"}],"author":[{"embeddable":true,"href":"https:\/\/elmetidosv.com\/index.php?rest_route=\/wp\/v2\/users\/2"}],"replies":[{"embeddable":true,"href":"https:\/\/elmetidosv.com\/index.php?rest_route=%2Fwp%2Fv2%2Fcomments&post=22871"}],"version-history":[{"count":1,"href":"https:\/\/elmetidosv.com\/index.php?rest_route=\/wp\/v2\/posts\/22871\/revisions"}],"predecessor-version":[{"id":22872,"href":"https:\/\/elmetidosv.com\/index.php?rest_route=\/wp\/v2\/posts\/22871\/revisions\/22872"}],"wp:featuredmedia":[{"embeddable":true,"href":"https:\/\/elmetidosv.com\/index.php?rest_route=\/wp\/v2\/media\/22873"}],"wp:attachment":[{"href":"https:\/\/elmetidosv.com\/index.php?rest_route=%2Fwp%2Fv2%2Fmedia&parent=22871"}],"wp:term":[{"taxonomy":"category","embeddable":true,"href":"https:\/\/elmetidosv.com\/index.php?rest_route=%2Fwp%2Fv2%2Fcategories&post=22871"},{"taxonomy":"post_tag","embeddable":true,"href":"https:\/\/elmetidosv.com\/index.php?rest_route=%2Fwp%2Fv2%2Ftags&post=22871"}],"curies":[{"name":"wp","href":"https:\/\/api.w.org\/{rel}","templated":true}]}}