{"id":22868,"date":"2026-02-04T12:48:03","date_gmt":"2026-02-04T18:48:03","guid":{"rendered":"https:\/\/elmetidosv.com\/?p=22868"},"modified":"2026-02-04T12:48:03","modified_gmt":"2026-02-04T18:48:03","slug":"alerta-sanitaria-en-el-salvador-por-aumento-de-casos-de-diarreas-y-gastroenteritis-en-2026","status":"publish","type":"post","link":"https:\/\/elmetidosv.com\/?p=22868","title":{"rendered":"ALERTA SANITARIA EN EL SALVADOR POR AUMENTO DE CASOS DE DIARREAS Y GASTROENTERITIS EN 2026"},"content":{"rendered":"\n<p><strong>San Salvador, El Salvador.<\/strong><br>El <strong>Ministerio de Salud (MINSAL)<\/strong> report\u00f3 un <strong>incremento significativo<\/strong> en los casos de <strong>diarreas y gastroenteritis<\/strong> durante las <strong>primeras semanas de 2026<\/strong>, superando los <strong>13,000 registros a nivel nacional<\/strong>, de acuerdo con datos oficiales difundidos por las autoridades sanitarias.<\/p>\n\n\n\n<p>Seg\u00fan el informe, el aumento de casos afecta <strong>principalmente a ni\u00f1os peque\u00f1os<\/strong>, aunque tambi\u00e9n se ha observado una incidencia relevante en <strong>j\u00f3venes y adultos<\/strong>, lo que ha encendido las alertas dentro del sistema de salud p\u00fablica.<\/p>\n\n\n\n<p>Las autoridades sanitarias se\u00f1alaron que este comportamiento epidemiol\u00f3gico podr\u00eda estar asociado a <strong>factores estacionales<\/strong>, condiciones de higiene, consumo de agua o alimentos contaminados, por lo que se mantiene una vigilancia constante en centros asistenciales y comunidades con mayor n\u00famero de reportes.<\/p>\n\n\n\n<p>El Ministerio de Salud reiter\u00f3 el llamado a la poblaci\u00f3n a <strong>reforzar las medidas de prevenci\u00f3n<\/strong>, entre ellas el lavado frecuente de manos, la adecuada manipulaci\u00f3n de alimentos, el consumo de agua potable y la atenci\u00f3n m\u00e9dica oportuna ante s\u00edntomas como diarrea persistente, v\u00f3mitos o deshidrataci\u00f3n, especialmente en la ni\u00f1ez.<\/p>\n\n\n\n<p>Las autoridades continuar\u00e1n monitoreando la evoluci\u00f3n de los casos y no descartan la implementaci\u00f3n de <strong>acciones adicionales de prevenci\u00f3n y control<\/strong>, con el objetivo de reducir el impacto de estas enfermedades gastrointestinales en la poblaci\u00f3n salvadore\u00f1a.<\/p>\n","protected":false},"excerpt":{"rendered":"<p>San Salvador, El Salvador.El Ministerio de Salud (MINSAL) report\u00f3 un incremento significativo en los casos de diarreas y gastroenteritis durante<\/p>\n","protected":false},"author":2,"featured_media":22869,"comment_status":"closed","ping_status":"","sticky":false,"template":"","format":"standard","meta":{"colormag_page_container_layout":"default_layout","colormag_page_sidebar_layout":"default_layout","footnotes":""},"categories":[1],"tags":[140,2405,2394,2398,2397,2404,2395,2403,2399,2401,2396,2400,60,887,161,2402],"class_list":["post-22868","post","type-post","status-publish","format-standard","has-post-thumbnail","hentry","category-nacional","tag-actualidad","tag-alerta-sanitaria","tag-alerta-sanitaria-el-salvador","tag-brote-gastrointestinal","tag-casos-de-diarrea","tag-diarrea","tag-diarreas-2026","tag-gastroenteritis","tag-gastroenteritis-el-salvador","tag-ministerio-de-salud","tag-ninos-afectados","tag-noticia-salud-el-salvador-tags-el-salvador","tag-prevencion","tag-salud","tag-salud-publica","tag-vigilancia-epidemiologica"],"_links":{"self":[{"href":"https:\/\/elmetidosv.com\/index.php?rest_route=\/wp\/v2\/posts\/22868","targetHints":{"allow":["GET"]}}],"collection":[{"href":"https:\/\/elmetidosv.com\/index.php?rest_route=\/wp\/v2\/posts"}],"about":[{"href":"https:\/\/elmetidosv.com\/index.php?rest_route=\/wp\/v2\/types\/post"}],"author":[{"embeddable":true,"href":"https:\/\/elmetidosv.com\/index.php?rest_route=\/wp\/v2\/users\/2"}],"replies":[{"embeddable":true,"href":"https:\/\/elmetidosv.com\/index.php?rest_route=%2Fwp%2Fv2%2Fcomments&post=22868"}],"version-history":[{"count":1,"href":"https:\/\/elmetidosv.com\/index.php?rest_route=\/wp\/v2\/posts\/22868\/revisions"}],"predecessor-version":[{"id":22870,"href":"https:\/\/elmetidosv.com\/index.php?rest_route=\/wp\/v2\/posts\/22868\/revisions\/22870"}],"wp:featuredmedia":[{"embeddable":true,"href":"https:\/\/elmetidosv.com\/index.php?rest_route=\/wp\/v2\/media\/22869"}],"wp:attachment":[{"href":"https:\/\/elmetidosv.com\/index.php?rest_route=%2Fwp%2Fv2%2Fmedia&parent=22868"}],"wp:term":[{"taxonomy":"category","embeddable":true,"href":"https:\/\/elmetidosv.com\/index.php?rest_route=%2Fwp%2Fv2%2Fcategories&post=22868"},{"taxonomy":"post_tag","embeddable":true,"href":"https:\/\/elmetidosv.com\/index.php?rest_route=%2Fwp%2Fv2%2Ftags&post=22868"}],"curies":[{"name":"wp","href":"https:\/\/api.w.org\/{rel}","templated":true}]}}