{"id":22826,"date":"2026-02-04T09:30:50","date_gmt":"2026-02-04T15:30:50","guid":{"rendered":"https:\/\/elmetidosv.com\/?p=22826"},"modified":"2026-02-04T09:30:50","modified_gmt":"2026-02-04T15:30:50","slug":"familia-de-renee-good-denuncia-uso-excesivo-de-la-fuerza-de-ice-en-audiencia-en-congreso-de-ee-uu","status":"publish","type":"post","link":"https:\/\/elmetidosv.com\/?p=22826","title":{"rendered":"FAMILIA DE REN\u00c9E GOOD DENUNCIA USO EXCESIVO DE LA FUERZA DE ICE EN AUDIENCIA EN CONGRESO DE EE. UU."},"content":{"rendered":"\n<figure class=\"wp-block-image aligncenter size-full\"><img loading=\"lazy\" decoding=\"async\" width=\"329\" height=\"267\" src=\"https:\/\/elmetidosv.com\/wp-content\/uploads\/2026\/02\/rene-3.png\" alt=\"\" class=\"wp-image-22827\" srcset=\"https:\/\/elmetidosv.com\/wp-content\/uploads\/2026\/02\/rene-3.png 329w, https:\/\/elmetidosv.com\/wp-content\/uploads\/2026\/02\/rene-3-300x243.png 300w\" sizes=\"auto, (max-width: 329px) 100vw, 329px\" \/><\/figure>\n\n\n\n<p>Los hermanos de <strong>Ren\u00e9e Good<\/strong>, una madre de tres hijos que fue <strong>fatalmente baleada por un agente del Servicio de Inmigraci\u00f3n y Control de Aduanas (ICE)<\/strong> en <strong>Minneapolis, Minnesota<\/strong>, comparecieron ante legisladores del <strong>Congreso de Estados Unidos<\/strong> para denunciar lo que califican como <strong>uso excesivo de la fuerza<\/strong> por parte de las autoridades federales durante las operaciones migratorias.<\/p>\n\n\n\n<p>Durante la audiencia, organizada por representantes dem\u00f3cratas, los familiares de Good se\u00f1alaron que la muerte de su hermana el <strong>7 de enero de 2026<\/strong> no ha motivado cambios significativos en las t\u00e1cticas de actuaci\u00f3n de las agencias federales, a pesar de las protestas ciudadanas y la atenci\u00f3n medi\u00e1tica.<\/p>\n\n\n\n<p>Los hermanos relataron el impacto permanente que la muerte ha tenido en su familia y comunidades, y urgieron a los legisladores a considerar reformas al <strong>Departamento de Seguridad Nacional (DHS)<\/strong>. Entre las propuestas mencionadas estuvieron <strong>mayores controles internos, ajustes a los protocolos de uso de la fuerza y una supervisi\u00f3n judicial m\u00e1s estricta de las operaciones de inmigraci\u00f3n<\/strong>.<\/p>\n\n\n\n<p>La audiencia tambi\u00e9n abord\u00f3 otros incidentes recientes relacionados con inmigraci\u00f3n, incluido el caso de <strong>Alex Pretti<\/strong>, un enfermero que muri\u00f3 a tiros durante una operaci\u00f3n federal en la misma ciudad, lo que amplific\u00f3 las cr\u00edticas sobre las pr\u00e1cticas de agentes de ICE y otras agencias federales.<\/p>\n\n\n\n<p>Legisladores presentes expresaron su preocupaci\u00f3n por las t\u00e1cticas de las agencias de inmigraci\u00f3n en el pa\u00eds, un tema que se ha convertido en <strong>motivo de fuerte debate pol\u00edtico en Washington<\/strong>, especialmente en torno al financiamiento del DHS y al impacto de sus operaciones en comunidades locales.<\/p>\n\n\n\n<figure class=\"wp-block-image size-full\"><img loading=\"lazy\" decoding=\"async\" width=\"889\" height=\"522\" src=\"https:\/\/elmetidosv.com\/wp-content\/uploads\/2026\/02\/rene-2.png\" alt=\"\" class=\"wp-image-22828\" srcset=\"https:\/\/elmetidosv.com\/wp-content\/uploads\/2026\/02\/rene-2.png 889w, https:\/\/elmetidosv.com\/wp-content\/uploads\/2026\/02\/rene-2-300x176.png 300w, https:\/\/elmetidosv.com\/wp-content\/uploads\/2026\/02\/rene-2-768x451.png 768w\" sizes=\"auto, (max-width: 889px) 100vw, 889px\" \/><\/figure>\n\n\n\n<p><\/p>\n","protected":false},"excerpt":{"rendered":"<p>Los hermanos de Ren\u00e9e Good, una madre de tres hijos que fue fatalmente baleada por un agente del Servicio de<\/p>\n","protected":false},"author":2,"featured_media":22829,"comment_status":"closed","ping_status":"","sticky":false,"template":"","format":"standard","meta":{"colormag_page_container_layout":"default_layout","colormag_page_sidebar_layout":"default_layout","footnotes":""},"categories":[3],"tags":[2204,2309,2308,2010,2310,2307,2306],"class_list":["post-22826","post","type-post","status-publish","format-standard","has-post-thumbnail","hentry","category-internacional","tag-alex-pretti","tag-audiencia-congreso-ee-uu","tag-ice-minneapolis","tag-inmigracion-estados-unidos","tag-reforma-dhs","tag-renee-good","tag-uso-excesivo-de-fuerza"],"_links":{"self":[{"href":"https:\/\/elmetidosv.com\/index.php?rest_route=\/wp\/v2\/posts\/22826","targetHints":{"allow":["GET"]}}],"collection":[{"href":"https:\/\/elmetidosv.com\/index.php?rest_route=\/wp\/v2\/posts"}],"about":[{"href":"https:\/\/elmetidosv.com\/index.php?rest_route=\/wp\/v2\/types\/post"}],"author":[{"embeddable":true,"href":"https:\/\/elmetidosv.com\/index.php?rest_route=\/wp\/v2\/users\/2"}],"replies":[{"embeddable":true,"href":"https:\/\/elmetidosv.com\/index.php?rest_route=%2Fwp%2Fv2%2Fcomments&post=22826"}],"version-history":[{"count":1,"href":"https:\/\/elmetidosv.com\/index.php?rest_route=\/wp\/v2\/posts\/22826\/revisions"}],"predecessor-version":[{"id":22830,"href":"https:\/\/elmetidosv.com\/index.php?rest_route=\/wp\/v2\/posts\/22826\/revisions\/22830"}],"wp:featuredmedia":[{"embeddable":true,"href":"https:\/\/elmetidosv.com\/index.php?rest_route=\/wp\/v2\/media\/22829"}],"wp:attachment":[{"href":"https:\/\/elmetidosv.com\/index.php?rest_route=%2Fwp%2Fv2%2Fmedia&parent=22826"}],"wp:term":[{"taxonomy":"category","embeddable":true,"href":"https:\/\/elmetidosv.com\/index.php?rest_route=%2Fwp%2Fv2%2Fcategories&post=22826"},{"taxonomy":"post_tag","embeddable":true,"href":"https:\/\/elmetidosv.com\/index.php?rest_route=%2Fwp%2Fv2%2Ftags&post=22826"}],"curies":[{"name":"wp","href":"https:\/\/api.w.org\/{rel}","templated":true}]}}