{"id":22777,"date":"2026-02-03T09:38:00","date_gmt":"2026-02-03T15:38:00","guid":{"rendered":"https:\/\/elmetidosv.com\/?p=22777"},"modified":"2026-02-03T09:41:13","modified_gmt":"2026-02-03T15:41:13","slug":"padre-de-nino-detenido-por-migracion-en-ee-uu-nego-haberlo-abandonado-y-desmiente-version-oficial","status":"publish","type":"post","link":"https:\/\/elmetidosv.com\/?p=22777","title":{"rendered":"PADRE DE NI\u00d1O DETENIDO POR MIGRACI\u00d3N EN EE. UU. NEG\u00d3 HABERLO ABANDONADO Y DESMIENTE VERSI\u00d3N OFICIAL"},"content":{"rendered":"\n<p>El padre de Liam Conejo, un ni\u00f1o de cinco a\u00f1os que fue detenido por agentes de inmigraci\u00f3n en el estado de Minnesota y posteriormente retenido en una instalaci\u00f3n federal en Texas, neg\u00f3 este lunes las versiones del Gobierno de Estados Unidos que aseguraban que hab\u00eda abandonado a su hijo durante un operativo migratorio.<\/p>\n\n\n\n<p>Adri\u00e1n Conejo Arias, de origen ecuatoriano, declar\u00f3 a la cadena ABC News que ama profundamente a su hijo y que \u201cjam\u00e1s lo abandonar\u00eda\u201d, refutando as\u00ed los se\u00f1alamientos del Departamento de Seguridad Nacional (DHS), el cual sostuvo que el menor fue dejado solo dentro de un veh\u00edculo mientras su padre era perseguido por las autoridades.<\/p>\n\n\n\n<p>Conejo Arias tambi\u00e9n denunci\u00f3 que su hijo enferm\u00f3 mientras permanec\u00eda bajo custodia federal y que, pese a su estado de salud, se le neg\u00f3 el acceso a medicamentos. Hasta el momento, las autoridades migratorias no han emitido una respuesta oficial sobre esta acusaci\u00f3n.<\/p>\n\n\n\n<p>Padre e hijo fueron liberados el domingo por orden de un juez federal, luego de haber sido detenidos el pasado 20 de enero frente a su vivienda en Minneapolis, Minnesota. El caso ha generado cuestionamientos sobre los protocolos de detenci\u00f3n migratoria cuando involucran a menores de edad.<\/p>\n\n\n\n<p>Organizaciones defensoras de derechos humanos han reiterado el llamado a garantizar la protecci\u00f3n de ni\u00f1os migrantes y el respeto al debido proceso en procedimientos de control migratorio en Estados Unidos.<\/p>\n\n\n\n<figure class=\"wp-block-image size-full is-resized\"><img loading=\"lazy\" decoding=\"async\" width=\"323\" height=\"295\" src=\"https:\/\/elmetidosv.com\/wp-content\/uploads\/2026\/02\/nino-2.png\" alt=\"\" class=\"wp-image-22779\" style=\"width:760px;height:auto\" srcset=\"https:\/\/elmetidosv.com\/wp-content\/uploads\/2026\/02\/nino-2.png 323w, https:\/\/elmetidosv.com\/wp-content\/uploads\/2026\/02\/nino-2-300x274.png 300w\" sizes=\"auto, (max-width: 323px) 100vw, 323px\" \/><\/figure>\n","protected":false},"excerpt":{"rendered":"<p>El padre de Liam Conejo, un ni\u00f1o de cinco a\u00f1os que fue detenido por agentes de inmigraci\u00f3n en el estado<\/p>\n","protected":false},"author":2,"featured_media":22778,"comment_status":"closed","ping_status":"closed","sticky":false,"template":"","format":"standard","meta":{"colormag_page_container_layout":"default_layout","colormag_page_sidebar_layout":"default_layout","footnotes":""},"categories":[3],"tags":[2243,2242,2244,2245,2240,2241,1537,2238,2239,2237,1221,14,2010,1771,1223,2236],"class_list":["post-22777","post","type-post","status-publish","format-standard","has-post-thumbnail","hentry","category-internacional","tag-derechoshumanos","tag-ice-2","tag-inmigracion-2","tag-justiciafederal","tag-minnesota-2","tag-ninosmigrantes","tag-noticiasinternacionales","tag-custodia-federal","tag-departamento-de-seguridad-nacional-tags-migracioneeuu","tag-derechos-de-migrantes","tag-detencion-de-menores","tag-ice","tag-inmigracion-estados-unidos","tag-juez-federal","tag-minnesota","tag-nino-detenido-migracion"],"_links":{"self":[{"href":"https:\/\/elmetidosv.com\/index.php?rest_route=\/wp\/v2\/posts\/22777","targetHints":{"allow":["GET"]}}],"collection":[{"href":"https:\/\/elmetidosv.com\/index.php?rest_route=\/wp\/v2\/posts"}],"about":[{"href":"https:\/\/elmetidosv.com\/index.php?rest_route=\/wp\/v2\/types\/post"}],"author":[{"embeddable":true,"href":"https:\/\/elmetidosv.com\/index.php?rest_route=\/wp\/v2\/users\/2"}],"replies":[{"embeddable":true,"href":"https:\/\/elmetidosv.com\/index.php?rest_route=%2Fwp%2Fv2%2Fcomments&post=22777"}],"version-history":[{"count":1,"href":"https:\/\/elmetidosv.com\/index.php?rest_route=\/wp\/v2\/posts\/22777\/revisions"}],"predecessor-version":[{"id":22780,"href":"https:\/\/elmetidosv.com\/index.php?rest_route=\/wp\/v2\/posts\/22777\/revisions\/22780"}],"wp:featuredmedia":[{"embeddable":true,"href":"https:\/\/elmetidosv.com\/index.php?rest_route=\/wp\/v2\/media\/22778"}],"wp:attachment":[{"href":"https:\/\/elmetidosv.com\/index.php?rest_route=%2Fwp%2Fv2%2Fmedia&parent=22777"}],"wp:term":[{"taxonomy":"category","embeddable":true,"href":"https:\/\/elmetidosv.com\/index.php?rest_route=%2Fwp%2Fv2%2Fcategories&post=22777"},{"taxonomy":"post_tag","embeddable":true,"href":"https:\/\/elmetidosv.com\/index.php?rest_route=%2Fwp%2Fv2%2Ftags&post=22777"}],"curies":[{"name":"wp","href":"https:\/\/api.w.org\/{rel}","templated":true}]}}