{"id":22726,"date":"2026-02-02T10:55:14","date_gmt":"2026-02-02T16:55:14","guid":{"rendered":"https:\/\/elmetidosv.com\/?p=22726"},"modified":"2026-02-02T10:55:14","modified_gmt":"2026-02-02T16:55:14","slug":"donald-trump-califica-a-los-premios-grammy-como-lo-peor-y-critica-a-su-presentador","status":"publish","type":"post","link":"https:\/\/elmetidosv.com\/?p=22726","title":{"rendered":"DONALD TRUMP CALIFICA A LOS PREMIOS GRAMMY COMO \u201cLO PEOR\u201d Y CRITICA A SU PRESENTADOR"},"content":{"rendered":"\n<figure class=\"wp-block-image size-large\"><img loading=\"lazy\" decoding=\"async\" width=\"778\" height=\"1024\" src=\"https:\/\/elmetidosv.com\/wp-content\/uploads\/2026\/02\/TRUMP-1-778x1024.jpg\" alt=\"\" class=\"wp-image-22728\" srcset=\"https:\/\/elmetidosv.com\/wp-content\/uploads\/2026\/02\/TRUMP-1-778x1024.jpg 778w, https:\/\/elmetidosv.com\/wp-content\/uploads\/2026\/02\/TRUMP-1-228x300.jpg 228w, https:\/\/elmetidosv.com\/wp-content\/uploads\/2026\/02\/TRUMP-1-768x1011.jpg 768w, https:\/\/elmetidosv.com\/wp-content\/uploads\/2026\/02\/TRUMP-1-1167x1536.jpg 1167w, https:\/\/elmetidosv.com\/wp-content\/uploads\/2026\/02\/TRUMP-1.jpg 1266w\" sizes=\"auto, (max-width: 778px) 100vw, 778px\" \/><\/figure>\n\n\n\n<p>El presidente de Estados Unidos, <strong>Donald Trump<\/strong>, lanz\u00f3 duras cr\u00edticas contra los <strong>Premios Grammy<\/strong>, a los que calific\u00f3 como \u201clo peor\u201d y \u201cdif\u00edciles de ver\u201d, en una declaraci\u00f3n difundida a trav\u00e9s de sus canales de comunicaci\u00f3n.<\/p>\n\n\n\n<p>Trump cuestion\u00f3 adem\u00e1s a la cadena <strong>CBS<\/strong> y al presentador de la ceremonia, <strong>Trevor Noah<\/strong>, a quien acus\u00f3 de haber hecho afirmaciones falsas durante la transmisi\u00f3n. En particular, neg\u00f3 haber estado relacionado con la <strong>Isla de Epstein<\/strong>, asegurando que nunca ha visitado dicho lugar ni ha sido se\u00f1alado previamente por ese motivo.<\/p>\n\n\n\n<p>El exmandatario indic\u00f3 que las declaraciones realizadas durante la gala ser\u00edan incorrectas y difamatorias, por lo que advirti\u00f3 que podr\u00eda <strong>iniciar acciones legales<\/strong> contra el presentador si no se aclara la informaci\u00f3n.<\/p>\n\n\n\n<p>Hasta el momento, <strong>CBS ni Trevor Noah han emitido una respuesta oficial<\/strong> sobre las declaraciones de Trump.<\/p>\n\n\n\n<figure class=\"wp-block-image size-full is-resized\"><img loading=\"lazy\" decoding=\"async\" width=\"678\" height=\"677\" src=\"https:\/\/elmetidosv.com\/wp-content\/uploads\/2026\/02\/TRUMP-3.jpg\" alt=\"\" class=\"wp-image-22729\" style=\"width:760px;height:auto\" srcset=\"https:\/\/elmetidosv.com\/wp-content\/uploads\/2026\/02\/TRUMP-3.jpg 678w, https:\/\/elmetidosv.com\/wp-content\/uploads\/2026\/02\/TRUMP-3-300x300.jpg 300w, https:\/\/elmetidosv.com\/wp-content\/uploads\/2026\/02\/TRUMP-3-150x150.jpg 150w\" sizes=\"auto, (max-width: 678px) 100vw, 678px\" \/><\/figure>\n","protected":false},"excerpt":{"rendered":"<p>El presidente de Estados Unidos, Donald Trump, lanz\u00f3 duras cr\u00edticas contra los Premios Grammy, a los que calific\u00f3 como \u201clo<\/p>\n","protected":false},"author":2,"featured_media":22727,"comment_status":"closed","ping_status":"","sticky":false,"template":"","format":"standard","meta":{"colormag_page_container_layout":"default_layout","colormag_page_sidebar_layout":"default_layout","footnotes":""},"categories":[3],"tags":[2159,47,19,2160,2164,2163,2161,2162,2158],"class_list":["post-22726","post","type-post","status-publish","format-standard","has-post-thumbnail","hentry","category-internacional","tag-cbs","tag-donald-trump","tag-estados-unidos","tag-grammy-awards","tag-musica","tag-polemica","tag-premios-grammy","tag-television","tag-trevor-noah"],"_links":{"self":[{"href":"https:\/\/elmetidosv.com\/index.php?rest_route=\/wp\/v2\/posts\/22726","targetHints":{"allow":["GET"]}}],"collection":[{"href":"https:\/\/elmetidosv.com\/index.php?rest_route=\/wp\/v2\/posts"}],"about":[{"href":"https:\/\/elmetidosv.com\/index.php?rest_route=\/wp\/v2\/types\/post"}],"author":[{"embeddable":true,"href":"https:\/\/elmetidosv.com\/index.php?rest_route=\/wp\/v2\/users\/2"}],"replies":[{"embeddable":true,"href":"https:\/\/elmetidosv.com\/index.php?rest_route=%2Fwp%2Fv2%2Fcomments&post=22726"}],"version-history":[{"count":1,"href":"https:\/\/elmetidosv.com\/index.php?rest_route=\/wp\/v2\/posts\/22726\/revisions"}],"predecessor-version":[{"id":22730,"href":"https:\/\/elmetidosv.com\/index.php?rest_route=\/wp\/v2\/posts\/22726\/revisions\/22730"}],"wp:featuredmedia":[{"embeddable":true,"href":"https:\/\/elmetidosv.com\/index.php?rest_route=\/wp\/v2\/media\/22727"}],"wp:attachment":[{"href":"https:\/\/elmetidosv.com\/index.php?rest_route=%2Fwp%2Fv2%2Fmedia&parent=22726"}],"wp:term":[{"taxonomy":"category","embeddable":true,"href":"https:\/\/elmetidosv.com\/index.php?rest_route=%2Fwp%2Fv2%2Fcategories&post=22726"},{"taxonomy":"post_tag","embeddable":true,"href":"https:\/\/elmetidosv.com\/index.php?rest_route=%2Fwp%2Fv2%2Ftags&post=22726"}],"curies":[{"name":"wp","href":"https:\/\/api.w.org\/{rel}","templated":true}]}}