{"id":22640,"date":"2026-01-31T16:58:02","date_gmt":"2026-01-31T22:58:02","guid":{"rendered":"https:\/\/elmetidosv.com\/?p=22640"},"modified":"2026-01-31T16:58:02","modified_gmt":"2026-01-31T22:58:02","slug":"santa-ana-motociclista-resulta-lesionado-en-accidente-de-transito-cerca-de-centro-comercial-las-ramblas","status":"publish","type":"post","link":"https:\/\/elmetidosv.com\/?p=22640","title":{"rendered":"SANTA ANA; MOTOCICLISTA RESULTA LESIONADO EN ACCIDENTE DE TR\u00c1NSITO CERCA DE CENTRO COMERCIAL LAS RAMBLAS"},"content":{"rendered":"\n<p>San Salvador, El Salvador.\u2014 Un accidente de tr\u00e1nsito se registr\u00f3 en las afueras del Centro Comercial Las Ramblas, donde un motociclista result\u00f3 lesionado tras ser impactado por un veh\u00edculo tipo pick up, de acuerdo con reportes de equipos de atenci\u00f3n prehospitalaria.<\/p>\n\n\n\n<p>Seg\u00fan testimonios recabados en el lugar, el conductor del pick up habr\u00eda realizado una maniobra no permitida al cruzar la doble l\u00ednea amarilla, invadiendo el carril por donde se desplazaba el motociclista, lo que provoc\u00f3 la colisi\u00f3n.<\/p>\n\n\n\n<p>El paciente, un hombre de 20 a\u00f1os de edad, fue evaluado en la escena y presentaba deformidad en la extremidad superior izquierda. Posteriormente, fue atendido por personal de emergencias y trasladado al Instituto Salvadore\u00f1o del Seguro Social para recibir atenci\u00f3n m\u00e9dica especializada.<\/p>\n\n\n\n<p>Las autoridades correspondientes realizaron las verificaciones necesarias en la zona para determinar responsabilidades y reiteraron el llamado a los conductores a respetar la se\u00f1alizaci\u00f3n vial y las normas de tr\u00e1nsito, con el fin de prevenir accidentes.<\/p>\n","protected":false},"excerpt":{"rendered":"<p>San Salvador, El Salvador.\u2014 Un accidente de tr\u00e1nsito se registr\u00f3 en las afueras del Centro Comercial Las Ramblas, donde un<\/p>\n","protected":false},"author":2,"featured_media":22641,"comment_status":"closed","ping_status":"","sticky":false,"template":"","format":"standard","meta":{"colormag_page_container_layout":"default_layout","colormag_page_sidebar_layout":"default_layout","footnotes":""},"categories":[1],"tags":[110,139,573,2053,2054,121,2052,828,124,122,136,120,392],"class_list":["post-22640","post","type-post","status-publish","format-standard","has-post-thumbnail","hentry","category-nacional","tag-accidente-de-transito","tag-accidente-vial","tag-atencion-prehospitalaria","tag-centro-comercial-las-ramblas","tag-doble-linea-amarilla","tag-emergencias","tag-maniobra-indebida","tag-motociclista-lesionado","tag-motociclistas","tag-seguridad-vial","tag-seguridad-vial-tags-el-salvador","tag-transito","tag-traslado-hospitalario"],"_links":{"self":[{"href":"https:\/\/elmetidosv.com\/index.php?rest_route=\/wp\/v2\/posts\/22640","targetHints":{"allow":["GET"]}}],"collection":[{"href":"https:\/\/elmetidosv.com\/index.php?rest_route=\/wp\/v2\/posts"}],"about":[{"href":"https:\/\/elmetidosv.com\/index.php?rest_route=\/wp\/v2\/types\/post"}],"author":[{"embeddable":true,"href":"https:\/\/elmetidosv.com\/index.php?rest_route=\/wp\/v2\/users\/2"}],"replies":[{"embeddable":true,"href":"https:\/\/elmetidosv.com\/index.php?rest_route=%2Fwp%2Fv2%2Fcomments&post=22640"}],"version-history":[{"count":1,"href":"https:\/\/elmetidosv.com\/index.php?rest_route=\/wp\/v2\/posts\/22640\/revisions"}],"predecessor-version":[{"id":22642,"href":"https:\/\/elmetidosv.com\/index.php?rest_route=\/wp\/v2\/posts\/22640\/revisions\/22642"}],"wp:featuredmedia":[{"embeddable":true,"href":"https:\/\/elmetidosv.com\/index.php?rest_route=\/wp\/v2\/media\/22641"}],"wp:attachment":[{"href":"https:\/\/elmetidosv.com\/index.php?rest_route=%2Fwp%2Fv2%2Fmedia&parent=22640"}],"wp:term":[{"taxonomy":"category","embeddable":true,"href":"https:\/\/elmetidosv.com\/index.php?rest_route=%2Fwp%2Fv2%2Fcategories&post=22640"},{"taxonomy":"post_tag","embeddable":true,"href":"https:\/\/elmetidosv.com\/index.php?rest_route=%2Fwp%2Fv2%2Ftags&post=22640"}],"curies":[{"name":"wp","href":"https:\/\/api.w.org\/{rel}","templated":true}]}}