{"id":22587,"date":"2026-01-30T13:18:38","date_gmt":"2026-01-30T19:18:38","guid":{"rendered":"https:\/\/elmetidosv.com\/?p=22587"},"modified":"2026-01-30T13:18:38","modified_gmt":"2026-01-30T19:18:38","slug":"jennifer-blandon-se-vuelve-tendencia-en-nicaragua-por-su-trabajo-en-el-transporte-colectivo","status":"publish","type":"post","link":"https:\/\/elmetidosv.com\/?p=22587","title":{"rendered":"JENNIFER BLAND\u00d3N SE VUELVE TENDENCIA EN NICARAGUA POR SU TRABAJO EN EL TRANSPORTE COLECTIVO"},"content":{"rendered":"\n<figure class=\"wp-block-image size-full is-resized\"><img loading=\"lazy\" decoding=\"async\" width=\"539\" height=\"672\" src=\"https:\/\/elmetidosv.com\/wp-content\/uploads\/2026\/01\/rica-2-1.jpeg\" alt=\"\" class=\"wp-image-22589\" style=\"width:760px;height:auto\" srcset=\"https:\/\/elmetidosv.com\/wp-content\/uploads\/2026\/01\/rica-2-1.jpeg 539w, https:\/\/elmetidosv.com\/wp-content\/uploads\/2026\/01\/rica-2-1-241x300.jpeg 241w\" sizes=\"auto, (max-width: 539px) 100vw, 539px\" \/><\/figure>\n\n\n\n<p>Managua, Nicaragua. \u2014 En los \u00faltimos d\u00edas, Jennifer Bland\u00f3n se ha convertido en una de las figuras m\u00e1s comentadas en redes sociales en Nicaragua, luego de que se difundieran im\u00e1genes y videos de su labor como ayudante y cobradora en una unidad de transporte colectivo que cubre la ruta Jinotega\u2013Matagalpa.<br>La joven, originaria de Jinotega, ha llamado la atenci\u00f3n de miles de usuarios por su desempe\u00f1o, carisma y dedicaci\u00f3n en un oficio tradicionalmente desempe\u00f1ado por hombres. Su presencia en el transporte p\u00fablico ha generado m\u00faltiples reacciones, convirti\u00e9ndola r\u00e1pidamente en tendencia en plataformas digitales.<\/p>\n\n\n\n<figure class=\"wp-block-image size-full is-resized\"><img loading=\"lazy\" decoding=\"async\" width=\"592\" height=\"667\" src=\"https:\/\/elmetidosv.com\/wp-content\/uploads\/2026\/01\/rica-3.jpeg\" alt=\"\" class=\"wp-image-22590\" style=\"width:760px;height:auto\" srcset=\"https:\/\/elmetidosv.com\/wp-content\/uploads\/2026\/01\/rica-3.jpeg 592w, https:\/\/elmetidosv.com\/wp-content\/uploads\/2026\/01\/rica-3-266x300.jpeg 266w\" sizes=\"auto, (max-width: 592px) 100vw, 592px\" \/><\/figure>\n\n\n\n<p><br>Las im\u00e1genes que circulan muestran a Jennifer realizando sus labores diarias con normalidad, lo que ha despertado comentarios positivos y mensajes de apoyo por parte de usuarios que destacan su esfuerzo y actitud laboral.<br>El caso ha abierto nuevamente el debate sobre la participaci\u00f3n de las mujeres en distintos rubros del transporte y el reconocimiento al trabajo honesto que muchas personas realizan a diario para ganarse la vida.<\/p>\n\n\n\n<figure class=\"wp-block-image size-full is-resized\"><img loading=\"lazy\" decoding=\"async\" width=\"511\" height=\"585\" src=\"https:\/\/elmetidosv.com\/wp-content\/uploads\/2026\/01\/rica-4.jpeg\" alt=\"\" class=\"wp-image-22591\" style=\"width:760px;height:auto\" srcset=\"https:\/\/elmetidosv.com\/wp-content\/uploads\/2026\/01\/rica-4.jpeg 511w, https:\/\/elmetidosv.com\/wp-content\/uploads\/2026\/01\/rica-4-262x300.jpeg 262w\" sizes=\"auto, (max-width: 511px) 100vw, 511px\" \/><\/figure>\n","protected":false},"excerpt":{"rendered":"<p>Managua, Nicaragua. \u2014 En los \u00faltimos d\u00edas, Jennifer Bland\u00f3n se ha convertido en una de las figuras m\u00e1s comentadas en<\/p>\n","protected":false},"author":2,"featured_media":22588,"comment_status":"closed","ping_status":"","sticky":false,"template":"","format":"standard","meta":{"colormag_page_container_layout":"default_layout","colormag_page_sidebar_layout":"default_layout","footnotes":""},"categories":[3],"tags":[1958,1959,1960,1957,1968,1962,1966,1963,1967,1965,558,1961,1035,1964,1969],"class_list":["post-22587","post","type-post","status-publish","format-standard","has-post-thumbnail","hentry","category-internacional","tag-jennifer-blandon","tag-jinotega","tag-joven-cobradora","tag-matagalpa","tag-mujeres-trabajadoras","tag-nicaragua","tag-noticias-nicaragua","tag-tendencia-en-redes","tag-tendencia-en-redes-sociales","tag-trabajo-juvenil","tag-transporte-colectivo","tag-transporte-nicaragua","tag-transporte-publico","tag-transporte-publico-tags-jennifer-blandon","tag-viral-en-nicaragua"],"_links":{"self":[{"href":"https:\/\/elmetidosv.com\/index.php?rest_route=\/wp\/v2\/posts\/22587","targetHints":{"allow":["GET"]}}],"collection":[{"href":"https:\/\/elmetidosv.com\/index.php?rest_route=\/wp\/v2\/posts"}],"about":[{"href":"https:\/\/elmetidosv.com\/index.php?rest_route=\/wp\/v2\/types\/post"}],"author":[{"embeddable":true,"href":"https:\/\/elmetidosv.com\/index.php?rest_route=\/wp\/v2\/users\/2"}],"replies":[{"embeddable":true,"href":"https:\/\/elmetidosv.com\/index.php?rest_route=%2Fwp%2Fv2%2Fcomments&post=22587"}],"version-history":[{"count":1,"href":"https:\/\/elmetidosv.com\/index.php?rest_route=\/wp\/v2\/posts\/22587\/revisions"}],"predecessor-version":[{"id":22592,"href":"https:\/\/elmetidosv.com\/index.php?rest_route=\/wp\/v2\/posts\/22587\/revisions\/22592"}],"wp:featuredmedia":[{"embeddable":true,"href":"https:\/\/elmetidosv.com\/index.php?rest_route=\/wp\/v2\/media\/22588"}],"wp:attachment":[{"href":"https:\/\/elmetidosv.com\/index.php?rest_route=%2Fwp%2Fv2%2Fmedia&parent=22587"}],"wp:term":[{"taxonomy":"category","embeddable":true,"href":"https:\/\/elmetidosv.com\/index.php?rest_route=%2Fwp%2Fv2%2Fcategories&post=22587"},{"taxonomy":"post_tag","embeddable":true,"href":"https:\/\/elmetidosv.com\/index.php?rest_route=%2Fwp%2Fv2%2Ftags&post=22587"}],"curies":[{"name":"wp","href":"https:\/\/api.w.org\/{rel}","templated":true}]}}