{"id":22545,"date":"2026-01-29T09:55:19","date_gmt":"2026-01-29T15:55:19","guid":{"rendered":"https:\/\/elmetidosv.com\/?p=22545"},"modified":"2026-01-29T09:55:19","modified_gmt":"2026-01-29T15:55:19","slug":"despiden-al-pastor-evangelico-rodrigo-ernesto-ayala-fallecido-en-accidente-de-transito-en-la-libertad","status":"publish","type":"post","link":"https:\/\/elmetidosv.com\/?p=22545","title":{"rendered":"DESPIDEN AL PASTOR EVANG\u00c9LICO RODRIGO ERNESTO AYALA, FALLECIDO EN ACCIDENTE DE TR\u00c1NSITO EN LA LIBERTAD"},"content":{"rendered":"\n<figure class=\"wp-block-image size-full is-resized\"><img loading=\"lazy\" decoding=\"async\" width=\"720\" height=\"615\" src=\"https:\/\/elmetidosv.com\/wp-content\/uploads\/2026\/01\/3-8.jpeg\" alt=\"\" class=\"wp-image-22547\" style=\"width:760px;height:auto\" srcset=\"https:\/\/elmetidosv.com\/wp-content\/uploads\/2026\/01\/3-8.jpeg 720w, https:\/\/elmetidosv.com\/wp-content\/uploads\/2026\/01\/3-8-300x256.jpeg 300w\" sizes=\"auto, (max-width: 720px) 100vw, 720px\" \/><\/figure>\n\n\n\n<p>Familiares, amigos y miembros de la congregaci\u00f3n realizaron este d\u00eda el funeral del <strong>pastor evang\u00e9lico Rodrigo Ernesto Ayala<\/strong>, quien falleci\u00f3 ayer en un <strong>accidente de tr\u00e1nsito<\/strong> ocurrido sobre la <strong>carretera Litoral<\/strong>, en el distrito de <strong>Jicalapa, departamento de La Libertad<\/strong>.<\/p>\n\n\n\n<p>De acuerdo con allegados, el l\u00edder religioso se desplazaba <strong>vendiendo pan<\/strong>, actividad que realizaba de manera honrada para <strong>sostener a su familia<\/strong>, cuando ocurri\u00f3 el percance vial que le arrebat\u00f3 la vida, generando consternaci\u00f3n entre la comunidad.<\/p>\n\n\n\n<p>Durante las exequias, miembros de la iglesia donde pastoreaba, as\u00ed como vecinos y amistades, <strong>lamentaron profundamente su fallecimiento<\/strong>, destacando que era una persona trabajadora, solidaria y ejemplo de servicio cristiano.<\/p>\n\n\n\n<p>Desde ayer, los restos del pastor han sido velados en la <strong>iglesia donde ejerc\u00eda su ministerio<\/strong>, donde decenas de personas acudieron para darle el \u00faltimo adi\u00f3s, record\u00e1ndolo como un <strong>hombre de fe y compromiso con Dios y su comunidad<\/strong>.<\/p>\n\n\n\n<p>El tr\u00e1gico hecho ha causado impacto tanto en la zona como entre quienes lo conocieron, quienes expresaron su pesar y solidaridad con la familia doliente.<\/p>\n\n\n\n<figure class=\"wp-block-image size-full is-resized\"><img loading=\"lazy\" decoding=\"async\" width=\"720\" height=\"511\" src=\"https:\/\/elmetidosv.com\/wp-content\/uploads\/2026\/01\/2-9.jpeg\" alt=\"\" class=\"wp-image-22548\" style=\"width:760px;height:auto\" srcset=\"https:\/\/elmetidosv.com\/wp-content\/uploads\/2026\/01\/2-9.jpeg 720w, https:\/\/elmetidosv.com\/wp-content\/uploads\/2026\/01\/2-9-300x213.jpeg 300w\" sizes=\"auto, (max-width: 720px) 100vw, 720px\" \/><\/figure>\n","protected":false},"excerpt":{"rendered":"<p>Familiares, amigos y miembros de la congregaci\u00f3n realizaron este d\u00eda el funeral del pastor evang\u00e9lico Rodrigo Ernesto Ayala, quien falleci\u00f3<\/p>\n","protected":false},"author":2,"featured_media":22546,"comment_status":"closed","ping_status":"","sticky":false,"template":"","format":"standard","meta":{"colormag_page_container_layout":"default_layout","colormag_page_sidebar_layout":"default_layout","footnotes":""},"categories":[1],"tags":[1894,1896,1103,31,1897,115,262,1790,1789,1895,1893],"class_list":["post-22545","post","type-post","status-publish","format-standard","has-post-thumbnail","hentry","category-nacional","tag-accidente-carretera-litoral","tag-accidente-de-transito-el-salvador-tags-accidente-de-transito","tag-carretera-litoral","tag-el-salvador","tag-jicalapa-la-libertad","tag-la-libertad","tag-luto","tag-pastor-evangelico","tag-pastor-evangelico-fallecido","tag-rodrigo-ernesto-ayala","tag-vendedor-de-pan-fallecido"],"_links":{"self":[{"href":"https:\/\/elmetidosv.com\/index.php?rest_route=\/wp\/v2\/posts\/22545","targetHints":{"allow":["GET"]}}],"collection":[{"href":"https:\/\/elmetidosv.com\/index.php?rest_route=\/wp\/v2\/posts"}],"about":[{"href":"https:\/\/elmetidosv.com\/index.php?rest_route=\/wp\/v2\/types\/post"}],"author":[{"embeddable":true,"href":"https:\/\/elmetidosv.com\/index.php?rest_route=\/wp\/v2\/users\/2"}],"replies":[{"embeddable":true,"href":"https:\/\/elmetidosv.com\/index.php?rest_route=%2Fwp%2Fv2%2Fcomments&post=22545"}],"version-history":[{"count":1,"href":"https:\/\/elmetidosv.com\/index.php?rest_route=\/wp\/v2\/posts\/22545\/revisions"}],"predecessor-version":[{"id":22549,"href":"https:\/\/elmetidosv.com\/index.php?rest_route=\/wp\/v2\/posts\/22545\/revisions\/22549"}],"wp:featuredmedia":[{"embeddable":true,"href":"https:\/\/elmetidosv.com\/index.php?rest_route=\/wp\/v2\/media\/22546"}],"wp:attachment":[{"href":"https:\/\/elmetidosv.com\/index.php?rest_route=%2Fwp%2Fv2%2Fmedia&parent=22545"}],"wp:term":[{"taxonomy":"category","embeddable":true,"href":"https:\/\/elmetidosv.com\/index.php?rest_route=%2Fwp%2Fv2%2Fcategories&post=22545"},{"taxonomy":"post_tag","embeddable":true,"href":"https:\/\/elmetidosv.com\/index.php?rest_route=%2Fwp%2Fv2%2Ftags&post=22545"}],"curies":[{"name":"wp","href":"https:\/\/api.w.org\/{rel}","templated":true}]}}