{"id":22540,"date":"2026-01-29T09:21:33","date_gmt":"2026-01-29T15:21:33","guid":{"rendered":"https:\/\/elmetidosv.com\/?p=22540"},"modified":"2026-01-29T09:21:33","modified_gmt":"2026-01-29T15:21:33","slug":"fgr-continua-operativo-plan-tenaza-contra-comercio-ilegal-de-dispositivos-electronicos","status":"publish","type":"post","link":"https:\/\/elmetidosv.com\/?p=22540","title":{"rendered":"FGR CONTIN\u00daA OPERATIVO \u201cPLAN TENAZA\u201d CONTRA COMERCIO ILEGAL DE DISPOSITIVOS ELECTR\u00d3NICOS"},"content":{"rendered":"\n<figure class=\"wp-block-image size-large\"><img loading=\"lazy\" decoding=\"async\" width=\"768\" height=\"1024\" src=\"https:\/\/elmetidosv.com\/wp-content\/uploads\/2026\/01\/poli-2-768x1024.jpg\" alt=\"\" class=\"wp-image-22542\" srcset=\"https:\/\/elmetidosv.com\/wp-content\/uploads\/2026\/01\/poli-2-768x1024.jpg 768w, https:\/\/elmetidosv.com\/wp-content\/uploads\/2026\/01\/poli-2-225x300.jpg 225w, https:\/\/elmetidosv.com\/wp-content\/uploads\/2026\/01\/poli-2-1152x1536.jpg 1152w, https:\/\/elmetidosv.com\/wp-content\/uploads\/2026\/01\/poli-2.jpg 1200w\" sizes=\"auto, (max-width: 768px) 100vw, 768px\" \/><\/figure>\n\n\n\n<p>La <strong>Fiscal\u00eda General de la Rep\u00fablica (FGR)<\/strong> de El Salvador contin\u00faa ejecutando registros como parte del operativo <strong>\u201cPlan Tenaza\u201d<\/strong>, con el objetivo de <strong>desmantelar negocios dedicados a la compra, venta y reparaci\u00f3n de dispositivos electr\u00f3nicos obtenidos de manera il\u00edcita<\/strong>.<\/p>\n\n\n\n<p>En esta fase del operativo, las autoridades realizaron verificaciones en establecimientos ubicados en los distritos de <strong>Zaragoza<\/strong>, <strong>Antiguo Cuscatl\u00e1n<\/strong> y <strong>Lourdes Col\u00f3n<\/strong>, donde se inspeccion\u00f3 la <strong>procedencia legal de tel\u00e9fonos celulares y otros dispositivos electr\u00f3nicos<\/strong>.<\/p>\n\n\n\n<p>Durante el procedimiento, la FGR <strong>incaut\u00f3 varios tel\u00e9fonos m\u00f3viles y documentaci\u00f3n<\/strong>, los cuales servir\u00e1n para <strong>fortalecer las investigaciones en curso<\/strong> y determinar posibles responsabilidades penales relacionadas con el comercio ilegal de aparatos electr\u00f3nicos.<\/p>\n\n\n\n<p>El <strong>Plan Tenaza<\/strong> forma parte de las acciones impulsadas por las autoridades para <strong>combatir el hurto y la receptaci\u00f3n de bienes<\/strong>, as\u00ed como para <strong>reducir los delitos asociados al mercado ilegal de tecnolog\u00eda<\/strong> en el pa\u00eds.<\/p>\n\n\n\n<figure class=\"wp-block-image size-large\"><img loading=\"lazy\" decoding=\"async\" width=\"768\" height=\"1024\" src=\"https:\/\/elmetidosv.com\/wp-content\/uploads\/2026\/01\/poli-3-768x1024.jpg\" alt=\"\" class=\"wp-image-22543\" srcset=\"https:\/\/elmetidosv.com\/wp-content\/uploads\/2026\/01\/poli-3-768x1024.jpg 768w, https:\/\/elmetidosv.com\/wp-content\/uploads\/2026\/01\/poli-3-225x300.jpg 225w, https:\/\/elmetidosv.com\/wp-content\/uploads\/2026\/01\/poli-3.jpg 1096w\" sizes=\"auto, (max-width: 768px) 100vw, 768px\" \/><\/figure>\n","protected":false},"excerpt":{"rendered":"<p>La Fiscal\u00eda General de la Rep\u00fablica (FGR) de El Salvador contin\u00faa ejecutando registros como parte del operativo \u201cPlan Tenaza\u201d, con<\/p>\n","protected":false},"author":2,"featured_media":22541,"comment_status":"closed","ping_status":"","sticky":false,"template":"","format":"standard","meta":{"colormag_page_container_layout":"default_layout","colormag_page_sidebar_layout":"default_layout","footnotes":""},"categories":[1],"tags":[1887,1892,647,1886,1885,31,1052,1891,1889,402,1888,45,1890],"class_list":["post-22540","post","type-post","status-publish","format-standard","has-post-thumbnail","hentry","category-nacional","tag-antiguo-cuscatlan","tag-celulares-robados","tag-comercio-ilegal","tag-comercio-ilegal-de-celulares","tag-dispositivos-electronicos-robados","tag-el-salvador","tag-fgr-el-salvador","tag-lourdes-colon","tag-operativos-fiscalia-tags-fgr","tag-operativos-policiales","tag-plan-tenaza","tag-seguridad-publica","tag-zaragoza-el-salvador"],"_links":{"self":[{"href":"https:\/\/elmetidosv.com\/index.php?rest_route=\/wp\/v2\/posts\/22540","targetHints":{"allow":["GET"]}}],"collection":[{"href":"https:\/\/elmetidosv.com\/index.php?rest_route=\/wp\/v2\/posts"}],"about":[{"href":"https:\/\/elmetidosv.com\/index.php?rest_route=\/wp\/v2\/types\/post"}],"author":[{"embeddable":true,"href":"https:\/\/elmetidosv.com\/index.php?rest_route=\/wp\/v2\/users\/2"}],"replies":[{"embeddable":true,"href":"https:\/\/elmetidosv.com\/index.php?rest_route=%2Fwp%2Fv2%2Fcomments&post=22540"}],"version-history":[{"count":1,"href":"https:\/\/elmetidosv.com\/index.php?rest_route=\/wp\/v2\/posts\/22540\/revisions"}],"predecessor-version":[{"id":22544,"href":"https:\/\/elmetidosv.com\/index.php?rest_route=\/wp\/v2\/posts\/22540\/revisions\/22544"}],"wp:featuredmedia":[{"embeddable":true,"href":"https:\/\/elmetidosv.com\/index.php?rest_route=\/wp\/v2\/media\/22541"}],"wp:attachment":[{"href":"https:\/\/elmetidosv.com\/index.php?rest_route=%2Fwp%2Fv2%2Fmedia&parent=22540"}],"wp:term":[{"taxonomy":"category","embeddable":true,"href":"https:\/\/elmetidosv.com\/index.php?rest_route=%2Fwp%2Fv2%2Fcategories&post=22540"},{"taxonomy":"post_tag","embeddable":true,"href":"https:\/\/elmetidosv.com\/index.php?rest_route=%2Fwp%2Fv2%2Ftags&post=22540"}],"curies":[{"name":"wp","href":"https:\/\/api.w.org\/{rel}","templated":true}]}}