{"id":22537,"date":"2026-01-29T09:15:18","date_gmt":"2026-01-29T15:15:18","guid":{"rendered":"https:\/\/elmetidosv.com\/?p=22537"},"modified":"2026-01-29T09:15:18","modified_gmt":"2026-01-29T15:15:18","slug":"envian-a-juicio-a-acusados-de-homicidio-tentado-en-perjuicio-de-un-recien-nacido-en-izalco","status":"publish","type":"post","link":"https:\/\/elmetidosv.com\/?p=22537","title":{"rendered":"ENV\u00cdAN A JUICIO A ACUSADOS DE HOMICIDIO TENTADO EN PERJUICIO DE UN RECI\u00c9N NACIDO EN IZALCO"},"content":{"rendered":"\n<p>El <strong>Juzgado de Instrucci\u00f3n de Izalco<\/strong>, en <strong>Sonsonate Este<\/strong>, orden\u00f3 la <strong>apertura a juicio<\/strong> contra <strong>Rina Marlene Garc\u00eda Guzm\u00e1n<\/strong>, <strong>Elenilson Omar Zarce\u00f1o V\u00e1squez<\/strong> y <strong>Marta Lilian V\u00e1squez de Valle<\/strong>, acusados del delito de <strong>homicidio agravado imperfecto o tentado<\/strong>, en grado de <strong>coautor\u00eda<\/strong>, en perjuicio de la vida de un reci\u00e9n nacido.<\/p>\n\n\n\n<p>Durante la audiencia, el juez <strong>admiti\u00f3 la acusaci\u00f3n y las pruebas<\/strong> presentadas por la <strong>Fiscal\u00eda General de la Rep\u00fablica (FGR)<\/strong> y <strong>ratific\u00f3 la detenci\u00f3n provisional<\/strong> de Garc\u00eda Guzm\u00e1n y Zarce\u00f1o V\u00e1squez. En el caso de V\u00e1squez de Valle, se orden\u00f3 que contin\u00fae bajo <strong>medidas alternativas a la detenci\u00f3n<\/strong>. Los tres imputados enfrentar\u00e1n juicio ante un <strong>Tribunal de Sentencia de Sonsonate Centro<\/strong>.<\/p>\n\n\n\n<p>Los hechos ocurrieron el <strong>23 de abril de 2024<\/strong>, en el <strong>cant\u00f3n San Isidro<\/strong>, distrito de <strong>Izalco<\/strong>, municipio de <strong>Sonsonate Este<\/strong>. De acuerdo con el informe judicial, residentes del sector alertaron a las autoridades tras escuchar el <strong>llanto de un beb\u00e9<\/strong> proveniente de una fosa s\u00e9ptica.<\/p>\n\n\n\n<p>Al llegar al lugar, las autoridades localizaron a un <strong>reci\u00e9n nacido de sexo masculino<\/strong>, quien fue <strong>rescatado y trasladado<\/strong> al <strong>Hospital Nacional Dr. Jorge Mazzini<\/strong>, en Sonsonate, donde recibi\u00f3 atenci\u00f3n m\u00e9dica.<\/p>\n\n\n\n<p>Tras las investigaciones, fueron capturados los tres imputados: <strong>Garc\u00eda Guzm\u00e1n<\/strong>, se\u00f1alada como madre del reci\u00e9n nacido; <strong>Zarce\u00f1o V\u00e1squez<\/strong>, se\u00f1alado como padre; y <strong>V\u00e1squez de Valle<\/strong>, se\u00f1alada como abuela del menor.<\/p>\n","protected":false},"excerpt":{"rendered":"<p>El Juzgado de Instrucci\u00f3n de Izalco, en Sonsonate Este, orden\u00f3 la apertura a juicio contra Rina Marlene Garc\u00eda Guzm\u00e1n, Elenilson<\/p>\n","protected":false},"author":2,"featured_media":22538,"comment_status":"closed","ping_status":"","sticky":false,"template":"","format":"standard","meta":{"colormag_page_container_layout":"default_layout","colormag_page_sidebar_layout":"default_layout","footnotes":""},"categories":[1],"tags":[31,363,362,1880,1185,1882,1884,159,1881,445,213,1883],"class_list":["post-22537","post","type-post","status-publish","format-standard","has-post-thumbnail","hentry","category-nacional","tag-el-salvador","tag-fgr","tag-fiscalia-general-de-la-republica","tag-fosa-septica-izalco","tag-homicidio-tentado","tag-juicio-penal","tag-juicio-por-homicidio-tentado-el-salvador","tag-recien-nacido","tag-recien-nacido-izalco","tag-sistema-judicial","tag-sonsonate-este","tag-tribunal-de-sentencia-sonsonate-tags-izalco"],"_links":{"self":[{"href":"https:\/\/elmetidosv.com\/index.php?rest_route=\/wp\/v2\/posts\/22537","targetHints":{"allow":["GET"]}}],"collection":[{"href":"https:\/\/elmetidosv.com\/index.php?rest_route=\/wp\/v2\/posts"}],"about":[{"href":"https:\/\/elmetidosv.com\/index.php?rest_route=\/wp\/v2\/types\/post"}],"author":[{"embeddable":true,"href":"https:\/\/elmetidosv.com\/index.php?rest_route=\/wp\/v2\/users\/2"}],"replies":[{"embeddable":true,"href":"https:\/\/elmetidosv.com\/index.php?rest_route=%2Fwp%2Fv2%2Fcomments&post=22537"}],"version-history":[{"count":1,"href":"https:\/\/elmetidosv.com\/index.php?rest_route=\/wp\/v2\/posts\/22537\/revisions"}],"predecessor-version":[{"id":22539,"href":"https:\/\/elmetidosv.com\/index.php?rest_route=\/wp\/v2\/posts\/22537\/revisions\/22539"}],"wp:featuredmedia":[{"embeddable":true,"href":"https:\/\/elmetidosv.com\/index.php?rest_route=\/wp\/v2\/media\/22538"}],"wp:attachment":[{"href":"https:\/\/elmetidosv.com\/index.php?rest_route=%2Fwp%2Fv2%2Fmedia&parent=22537"}],"wp:term":[{"taxonomy":"category","embeddable":true,"href":"https:\/\/elmetidosv.com\/index.php?rest_route=%2Fwp%2Fv2%2Fcategories&post=22537"},{"taxonomy":"post_tag","embeddable":true,"href":"https:\/\/elmetidosv.com\/index.php?rest_route=%2Fwp%2Fv2%2Ftags&post=22537"}],"curies":[{"name":"wp","href":"https:\/\/api.w.org\/{rel}","templated":true}]}}