{"id":2253,"date":"2020-05-03T12:42:45","date_gmt":"2020-05-03T18:42:45","guid":{"rendered":"http:\/\/elmetidosve.com\/?p=2253"},"modified":"2020-05-03T12:42:51","modified_gmt":"2020-05-03T18:42:51","slug":"gobierno-solicita-a-diputados-actuar-en-conjunto-para-enfrentar-emergencia-nacional","status":"publish","type":"post","link":"https:\/\/elmetidosv.com\/?p=2253","title":{"rendered":"Gobierno solicita a diputados actuar en conjunto para enfrentar emergencia nacional"},"content":{"rendered":"\n<figure class=\"wp-block-image size-large\"><img loading=\"lazy\" decoding=\"async\" width=\"589\" height=\"278\" src=\"http:\/\/elmetidosve.com\/wp-content\/uploads\/2020\/05\/00-4.png\" alt=\"\" class=\"wp-image-2254\" srcset=\"https:\/\/elmetidosv.com\/wp-content\/uploads\/2020\/05\/00-4.png 589w, https:\/\/elmetidosv.com\/wp-content\/uploads\/2020\/05\/00-4-300x142.png 300w\" sizes=\"auto, (max-width: 589px) 100vw, 589px\" \/><\/figure>\n\n\n\n<p>El Ministro de Trabajo, Rolando Castro, inform\u00f3 a trav\u00e9s de sus redes sociales, que esperan que los diputados de la Asamblea Legislativa (AL) act\u00faen en conjunto con el gobierno para sacar adelante al pa\u00eds ante la emergencia nacional por el coronavirus.  <\/p>\n\n\n\n<p>\u201cComo ejecutivo solicitamos a la Asamblea Legislativa actuar de inmediato, necesitamos que los \u00f3rganos de estado trabajemos juntos y sacar adelante nuestro pa\u00eds, nadie, NADIE ha pedido encierro total y los Diputados lo saben, el encierro total solo es la trampa para NO ayudar al pa\u00eds\u201d, expres\u00f3 el funcionario.<\/p>\n\n\n\n<p>Estas declaraciones surgen a partir de que el gobierno ha solicitado a los diputados de las diferentes fracciones legislativas \u201ccuarentena con responsabilidad\u201d, como medida de seguridad para evitar la propagaci\u00f3n del coronavirus en El Salvador.<\/p>\n\n\n\n<p>\u201cCuarentena con responsabilidad, es distinto a encierro total, el encierro total s\u00f3lo est\u00e1 en la mente perversa tergiversando la realidad, como ejecutivo se ha explicado de forma muy clara a los diputados,  es necesario la aprobaci\u00f3n de forma integral lo solicitado\u201d argument\u00f3 Rolando Castro.<\/p>\n\n\n\n<p>A pesar de que el gobierno solicit\u00f3 la aprobaci\u00f3n de 15 d\u00edas m\u00e1s de cuarentena domiciliar, hacen el llamado a la poblaci\u00f3n para que respeten esta medida y evitar el contagio de dicha enfermedad.  <\/p>\n","protected":false},"excerpt":{"rendered":"<p>El Ministro de Trabajo, Rolando Castro, inform\u00f3 a trav\u00e9s de sus redes sociales, que esperan que los diputados de la<\/p>\n","protected":false},"author":1,"featured_media":2255,"comment_status":"open","ping_status":"open","sticky":false,"template":"","format":"standard","meta":{"colormag_page_container_layout":"default_layout","colormag_page_sidebar_layout":"default_layout","footnotes":""},"categories":[1],"tags":[],"class_list":["post-2253","post","type-post","status-publish","format-standard","has-post-thumbnail","hentry","category-nacional"],"_links":{"self":[{"href":"https:\/\/elmetidosv.com\/index.php?rest_route=\/wp\/v2\/posts\/2253","targetHints":{"allow":["GET"]}}],"collection":[{"href":"https:\/\/elmetidosv.com\/index.php?rest_route=\/wp\/v2\/posts"}],"about":[{"href":"https:\/\/elmetidosv.com\/index.php?rest_route=\/wp\/v2\/types\/post"}],"author":[{"embeddable":true,"href":"https:\/\/elmetidosv.com\/index.php?rest_route=\/wp\/v2\/users\/1"}],"replies":[{"embeddable":true,"href":"https:\/\/elmetidosv.com\/index.php?rest_route=%2Fwp%2Fv2%2Fcomments&post=2253"}],"version-history":[{"count":1,"href":"https:\/\/elmetidosv.com\/index.php?rest_route=\/wp\/v2\/posts\/2253\/revisions"}],"predecessor-version":[{"id":2256,"href":"https:\/\/elmetidosv.com\/index.php?rest_route=\/wp\/v2\/posts\/2253\/revisions\/2256"}],"wp:featuredmedia":[{"embeddable":true,"href":"https:\/\/elmetidosv.com\/index.php?rest_route=\/wp\/v2\/media\/2255"}],"wp:attachment":[{"href":"https:\/\/elmetidosv.com\/index.php?rest_route=%2Fwp%2Fv2%2Fmedia&parent=2253"}],"wp:term":[{"taxonomy":"category","embeddable":true,"href":"https:\/\/elmetidosv.com\/index.php?rest_route=%2Fwp%2Fv2%2Fcategories&post=2253"},{"taxonomy":"post_tag","embeddable":true,"href":"https:\/\/elmetidosv.com\/index.php?rest_route=%2Fwp%2Fv2%2Ftags&post=2253"}],"curies":[{"name":"wp","href":"https:\/\/api.w.org\/{rel}","templated":true}]}}