{"id":22529,"date":"2026-01-29T08:50:30","date_gmt":"2026-01-29T14:50:30","guid":{"rendered":"https:\/\/elmetidosv.com\/?p=22529"},"modified":"2026-01-29T08:50:30","modified_gmt":"2026-01-29T14:50:30","slug":"accidente-de-transito-en-carretera-chalchuapa-santa-ana-deja-danos-materiales-y-genera-fuerte-trafico","status":"publish","type":"post","link":"https:\/\/elmetidosv.com\/?p=22529","title":{"rendered":"ACCIDENTE DE TR\u00c1NSITO EN CARRETERA CHALCHUAPA\u2013SANTA ANA DEJA DA\u00d1OS MATERIALES Y GENERA FUERTE TR\u00c1FICO"},"content":{"rendered":"\n<p>Un accidente de tr\u00e1nsito fue reportado durante la madrugada en la <strong>carretera que conecta Chalchuapa con Santa Ana<\/strong>, a la altura de las cercan\u00edas de la <strong>residencial Ecoterra<\/strong>, provocando da\u00f1os materiales y una fuerte carga vehicular en la zona.<\/p>\n\n\n\n<p>De acuerdo con informaci\u00f3n preliminar, en el percance estuvo involucrado un <strong>veh\u00edculo tipo sed\u00e1n<\/strong>. Las autoridades confirmaron que el hecho dej\u00f3 <strong>da\u00f1os materiales<\/strong> y <strong>lesiones leves<\/strong> en los ocupantes de los automotores implicados, sin que se reportaran personas en estado grave.<\/p>\n\n\n\n<p>El accidente gener\u00f3 complicaciones en el tr\u00e1nsito vehicular, especialmente en el tramo comprendido <strong>desde Ciudad Real hasta el redondel Santa Mar\u00eda, en Santa Ana<\/strong>, ocasionando retrasos significativos para conductores que se desplazaban hacia distintos puntos del departamento.<\/p>\n\n\n\n<p>Elementos de las autoridades correspondientes acudieron al lugar para regular el tr\u00e1fico y realizar el procedimiento respectivo. Asimismo, reiteraron el llamado a los automovilistas a <strong>conducir con precauci\u00f3n y a la defensiva<\/strong> para evitar este tipo de incidentes viales.<\/p>\n","protected":false},"excerpt":{"rendered":"<p>Un accidente de tr\u00e1nsito fue reportado durante la madrugada en la carretera que conecta Chalchuapa con Santa Ana, a la<\/p>\n","protected":false},"author":2,"featured_media":22530,"comment_status":"closed","ping_status":"","sticky":false,"template":"","format":"standard","meta":{"colormag_page_container_layout":"default_layout","colormag_page_sidebar_layout":"default_layout","footnotes":""},"categories":[1],"tags":[1870,110,1869,1872,1873,31,1871,33,122,1868,742,1637],"class_list":["post-22529","post","type-post","status-publish","format-standard","has-post-thumbnail","hentry","category-nacional","tag-accidente-chalchuapa-santa-ana","tag-accidente-de-transito","tag-accidente-de-transito-occidente","tag-carretera-chalchuapa-santa-ana","tag-danos-materiales-accidente","tag-el-salvador","tag-occidente-del-pais","tag-santa-ana","tag-seguridad-vial","tag-trafico-santa-ana","tag-trafico-vehicular","tag-transito-el-salvador-tags-chalchuapa"],"_links":{"self":[{"href":"https:\/\/elmetidosv.com\/index.php?rest_route=\/wp\/v2\/posts\/22529","targetHints":{"allow":["GET"]}}],"collection":[{"href":"https:\/\/elmetidosv.com\/index.php?rest_route=\/wp\/v2\/posts"}],"about":[{"href":"https:\/\/elmetidosv.com\/index.php?rest_route=\/wp\/v2\/types\/post"}],"author":[{"embeddable":true,"href":"https:\/\/elmetidosv.com\/index.php?rest_route=\/wp\/v2\/users\/2"}],"replies":[{"embeddable":true,"href":"https:\/\/elmetidosv.com\/index.php?rest_route=%2Fwp%2Fv2%2Fcomments&post=22529"}],"version-history":[{"count":1,"href":"https:\/\/elmetidosv.com\/index.php?rest_route=\/wp\/v2\/posts\/22529\/revisions"}],"predecessor-version":[{"id":22531,"href":"https:\/\/elmetidosv.com\/index.php?rest_route=\/wp\/v2\/posts\/22529\/revisions\/22531"}],"wp:featuredmedia":[{"embeddable":true,"href":"https:\/\/elmetidosv.com\/index.php?rest_route=\/wp\/v2\/media\/22530"}],"wp:attachment":[{"href":"https:\/\/elmetidosv.com\/index.php?rest_route=%2Fwp%2Fv2%2Fmedia&parent=22529"}],"wp:term":[{"taxonomy":"category","embeddable":true,"href":"https:\/\/elmetidosv.com\/index.php?rest_route=%2Fwp%2Fv2%2Fcategories&post=22529"},{"taxonomy":"post_tag","embeddable":true,"href":"https:\/\/elmetidosv.com\/index.php?rest_route=%2Fwp%2Fv2%2Ftags&post=22529"}],"curies":[{"name":"wp","href":"https:\/\/api.w.org\/{rel}","templated":true}]}}