{"id":22398,"date":"2026-01-26T10:26:26","date_gmt":"2026-01-26T16:26:26","guid":{"rendered":"https:\/\/elmetidosv.com\/?p=22398"},"modified":"2026-01-26T10:26:27","modified_gmt":"2026-01-26T16:26:27","slug":"capturan-a-hombre-acusado-de-robar-300-a-cliente-en-sonsonate","status":"publish","type":"post","link":"https:\/\/elmetidosv.com\/?p=22398","title":{"rendered":"CAPTURAN A HOMBRE ACUSADO DE ROBAR $300 A CLIENTE EN SONSONATE"},"content":{"rendered":"\n<p>Sonsonate, El Salvador \u2014<br>Autoridades de Sonsonate informaron sobre la captura de William Joel A. T., se\u00f1alado por el presunto delito de robo, tras una denuncia presentada por una persona que afirm\u00f3 haber sido despojada de 300 d\u00f3lares.<\/p>\n\n\n\n<p>Seg\u00fan el informe preliminar, el hecho habr\u00eda ocurrido luego de un encuentro sostenido horas antes entre la v\u00edctima y el acusado. Posteriormente, el se\u00f1alado se habr\u00eda apropiado del dinero, por lo que la persona afectada acudi\u00f3 a interponer la denuncia correspondiente.<\/p>\n\n\n\n<p>Tras recibir el aviso, las autoridades iniciaron las investigaciones que permitieron ubicar y capturar al sospechoso. El detenido fue puesto a disposici\u00f3n de la Fiscal\u00eda General de la Rep\u00fablica, instancia que continuar\u00e1 con el proceso judicial conforme a la ley.<\/p>\n\n\n\n<p>El caso fue remitido a las autoridades competentes para el desarrollo de las diligencias legales respectivas.<\/p>\n","protected":false},"excerpt":{"rendered":"<p>Sonsonate, El Salvador \u2014Autoridades de Sonsonate informaron sobre la captura de William Joel A. T., se\u00f1alado por el presunto delito<\/p>\n","protected":false},"author":2,"featured_media":22403,"comment_status":"closed","ping_status":"closed","sticky":false,"template":"","format":"standard","meta":{"colormag_page_container_layout":"default_layout","colormag_page_sidebar_layout":"default_layout","footnotes":""},"categories":[1],"tags":[1629,1312,1261,1299,223,1626,168,800,1627,1628,362,22,349,357,219],"class_list":["post-22398","post","type-post","status-publish","format-standard","has-post-thumbnail","hentry","category-nacional","tag-fgr-2","tag-justiciasv","tag-noticiaselsalvador","tag-pnc-2","tag-robo","tag-1626","tag-captura","tag-denuncia","tag-detenido","tag-el-salvador-tags-sonsonate-2","tag-fiscalia-general-de-la-republica","tag-investigacion","tag-proceso-judicial","tag-robo-2","tag-sonsonate"],"_links":{"self":[{"href":"https:\/\/elmetidosv.com\/index.php?rest_route=\/wp\/v2\/posts\/22398","targetHints":{"allow":["GET"]}}],"collection":[{"href":"https:\/\/elmetidosv.com\/index.php?rest_route=\/wp\/v2\/posts"}],"about":[{"href":"https:\/\/elmetidosv.com\/index.php?rest_route=\/wp\/v2\/types\/post"}],"author":[{"embeddable":true,"href":"https:\/\/elmetidosv.com\/index.php?rest_route=\/wp\/v2\/users\/2"}],"replies":[{"embeddable":true,"href":"https:\/\/elmetidosv.com\/index.php?rest_route=%2Fwp%2Fv2%2Fcomments&post=22398"}],"version-history":[{"count":1,"href":"https:\/\/elmetidosv.com\/index.php?rest_route=\/wp\/v2\/posts\/22398\/revisions"}],"predecessor-version":[{"id":22404,"href":"https:\/\/elmetidosv.com\/index.php?rest_route=\/wp\/v2\/posts\/22398\/revisions\/22404"}],"wp:featuredmedia":[{"embeddable":true,"href":"https:\/\/elmetidosv.com\/index.php?rest_route=\/wp\/v2\/media\/22403"}],"wp:attachment":[{"href":"https:\/\/elmetidosv.com\/index.php?rest_route=%2Fwp%2Fv2%2Fmedia&parent=22398"}],"wp:term":[{"taxonomy":"category","embeddable":true,"href":"https:\/\/elmetidosv.com\/index.php?rest_route=%2Fwp%2Fv2%2Fcategories&post=22398"},{"taxonomy":"post_tag","embeddable":true,"href":"https:\/\/elmetidosv.com\/index.php?rest_route=%2Fwp%2Fv2%2Ftags&post=22398"}],"curies":[{"name":"wp","href":"https:\/\/api.w.org\/{rel}","templated":true}]}}