{"id":22322,"date":"2026-01-25T08:45:20","date_gmt":"2026-01-25T14:45:20","guid":{"rendered":"https:\/\/elmetidosv.com\/?p=22322"},"modified":"2026-01-25T08:45:20","modified_gmt":"2026-01-25T14:45:20","slug":"aparatoso-accidente-de-transito-deja-varios-lesionados-en-santa-ana-centro","status":"publish","type":"post","link":"https:\/\/elmetidosv.com\/?p=22322","title":{"rendered":"APARATOSO ACCIDENTE DE TR\u00c1NSITO DEJA VARIOS LESIONADOS EN SANTA ANA CENTRO"},"content":{"rendered":"\n<figure class=\"wp-block-image aligncenter size-full\"><img loading=\"lazy\" decoding=\"async\" width=\"403\" height=\"585\" src=\"https:\/\/elmetidosv.com\/wp-content\/uploads\/2026\/01\/santa-1-1.jpg\" alt=\"\" class=\"wp-image-22324\" srcset=\"https:\/\/elmetidosv.com\/wp-content\/uploads\/2026\/01\/santa-1-1.jpg 403w, https:\/\/elmetidosv.com\/wp-content\/uploads\/2026\/01\/santa-1-1-207x300.jpg 207w\" sizes=\"auto, (max-width: 403px) 100vw, 403px\" \/><\/figure>\n\n\n\n<p>Santa Ana Centro, El Salvador \u2014<br>Un aparatoso accidente de tr\u00e1nsito se registr\u00f3 la noche del s\u00e1bado sobre la carretera que conduce hacia San Pablo Tacachico, a la altura de la colonia Santa Isabel, en la jurisdicci\u00f3n de Santa Ana Centro.<\/p>\n\n\n\n<p>En el percance se vieron involucrados un motociclista, una camioneta y un veh\u00edculo tipo pickup. De acuerdo con testimonios de personas que presenciaron el hecho, la camioneta impact\u00f3 contra una pupuser\u00eda ubicada a un costado de la v\u00eda, provocando que varias personas que se encontraban en el establecimiento resultaran con lesiones de diversa consideraci\u00f3n.<\/p>\n\n\n\n<figure class=\"wp-block-image aligncenter size-full\"><img loading=\"lazy\" decoding=\"async\" width=\"580\" height=\"590\" src=\"https:\/\/elmetidosv.com\/wp-content\/uploads\/2026\/01\/santa-3.jpg\" alt=\"\" class=\"wp-image-22325\" srcset=\"https:\/\/elmetidosv.com\/wp-content\/uploads\/2026\/01\/santa-3.jpg 580w, https:\/\/elmetidosv.com\/wp-content\/uploads\/2026\/01\/santa-3-295x300.jpg 295w\" sizes=\"auto, (max-width: 580px) 100vw, 580px\" \/><\/figure>\n\n\n\n<p>Ante la magnitud del accidente, diferentes cuerpos de socorro se desplazaron de inmediato al lugar para brindar atenci\u00f3n prehospitalaria a los afectados y realizar los traslados correspondientes hacia centros asistenciales.<\/p>\n\n\n\n<p>Las autoridades acordonaron la zona mientras se desarrollaban las labores de auxilio y las investigaciones para determinar las causas del accidente y establecer responsabilidades. Asimismo, hicieron un llamado a los conductores a mantener la precauci\u00f3n y respetar las normas de tr\u00e1nsito para evitar este tipo de hechos.<\/p>\n\n\n\n<p>Video:<\/p>\n\n\n\n<figure class=\"wp-block-embed is-type-rich is-provider-twitter wp-block-embed-twitter\"><div class=\"wp-block-embed__wrapper\">\n<blockquote class=\"twitter-tweet\" data-width=\"550\" data-dnt=\"true\"><p lang=\"es\" dir=\"ltr\">Un clip difundido en redes sociales muestra el momento exacto del percance vial ocurrido en el sector de Santa Isabel, frente a la colonia Natividad, en <a href=\"https:\/\/twitter.com\/hashtag\/SantaAna?src=hash&amp;ref_src=twsrc%5Etfw\">#SantaAna<\/a>.<br><br>El impacto dej\u00f3 personas lesionadas, lo que moviliz\u00f3 a cuerpos de socorro, quienes brindaron atenci\u00f3n inmediata. <a href=\"https:\/\/t.co\/PeUNP0Ue6x\">pic.twitter.com\/PeUNP0Ue6x<\/a><\/p>&mdash; Noti OccidenteSV (@NOccidente23046) <a href=\"https:\/\/twitter.com\/NOccidente23046\/status\/2015422869006672136?ref_src=twsrc%5Etfw\">January 25, 2026<\/a><\/blockquote><script async src=\"https:\/\/platform.twitter.com\/widgets.js\" charset=\"utf-8\"><\/script>\n<\/div><\/figure>\n","protected":false},"excerpt":{"rendered":"<p>Santa Ana Centro, El Salvador \u2014Un aparatoso accidente de tr\u00e1nsito se registr\u00f3 la noche del s\u00e1bado sobre la carretera que<\/p>\n","protected":false},"author":2,"featured_media":22323,"comment_status":"closed","ping_status":"","sticky":false,"template":"","format":"standard","meta":{"colormag_page_container_layout":"default_layout","colormag_page_sidebar_layout":"default_layout","footnotes":""},"categories":[1],"tags":[1510,1271,1261,1352,1265,110,1507,1508,131,1259,860,377,1506,1509,1505,552],"class_list":["post-22322","post","type-post","status-publish","format-standard","has-post-thumbnail","hentry","category-nacional","tag-cuerposdesocorro","tag-emergenciassv","tag-noticiaselsalvador","tag-santaanacentro","tag-seguridadvial","tag-accidente-de-transito","tag-camioneta","tag-colonia-santa-isabel","tag-cuerpos-de-socorro","tag-el-salvador-tags-accidentedetransito","tag-lesionados","tag-motociclista","tag-pickup","tag-pupuseria","tag-san-pablo-tacachico","tag-santa-ana-centro"],"_links":{"self":[{"href":"https:\/\/elmetidosv.com\/index.php?rest_route=\/wp\/v2\/posts\/22322","targetHints":{"allow":["GET"]}}],"collection":[{"href":"https:\/\/elmetidosv.com\/index.php?rest_route=\/wp\/v2\/posts"}],"about":[{"href":"https:\/\/elmetidosv.com\/index.php?rest_route=\/wp\/v2\/types\/post"}],"author":[{"embeddable":true,"href":"https:\/\/elmetidosv.com\/index.php?rest_route=\/wp\/v2\/users\/2"}],"replies":[{"embeddable":true,"href":"https:\/\/elmetidosv.com\/index.php?rest_route=%2Fwp%2Fv2%2Fcomments&post=22322"}],"version-history":[{"count":1,"href":"https:\/\/elmetidosv.com\/index.php?rest_route=\/wp\/v2\/posts\/22322\/revisions"}],"predecessor-version":[{"id":22326,"href":"https:\/\/elmetidosv.com\/index.php?rest_route=\/wp\/v2\/posts\/22322\/revisions\/22326"}],"wp:featuredmedia":[{"embeddable":true,"href":"https:\/\/elmetidosv.com\/index.php?rest_route=\/wp\/v2\/media\/22323"}],"wp:attachment":[{"href":"https:\/\/elmetidosv.com\/index.php?rest_route=%2Fwp%2Fv2%2Fmedia&parent=22322"}],"wp:term":[{"taxonomy":"category","embeddable":true,"href":"https:\/\/elmetidosv.com\/index.php?rest_route=%2Fwp%2Fv2%2Fcategories&post=22322"},{"taxonomy":"post_tag","embeddable":true,"href":"https:\/\/elmetidosv.com\/index.php?rest_route=%2Fwp%2Fv2%2Ftags&post=22322"}],"curies":[{"name":"wp","href":"https:\/\/api.w.org\/{rel}","templated":true}]}}