{"id":22314,"date":"2026-01-24T15:38:40","date_gmt":"2026-01-24T21:38:40","guid":{"rendered":"https:\/\/elmetidosv.com\/?p=22314"},"modified":"2026-01-24T15:40:18","modified_gmt":"2026-01-24T21:40:18","slug":"proteccion-civil-alerta-sobre-incremento-de-incendios-y-refuerza-medidas-de-prevencion-a-nivel-nacional","status":"publish","type":"post","link":"https:\/\/elmetidosv.com\/?p=22314","title":{"rendered":"PROTECCI\u00d3N CIVIL ALERTA SOBRE INCREMENTO DE INCENDIOS Y REFUERZA MEDIDAS DE PREVENCI\u00d3N A NIVEL NACIONAL"},"content":{"rendered":"\n<p>San Salvador, El Salvador \u2014<br>Funcionarios que integran la Comisi\u00f3n Nacional de Protecci\u00f3n Civil brindaron una conferencia de prensa para informar sobre las acciones de prevenci\u00f3n, control y respuesta que se ejecutan en el territorio nacional ante la incidencia de incendios, reiterando el llamado a la poblaci\u00f3n a atender las recomendaciones oficiales y evitar pr\u00e1cticas que puedan provocar siniestros.<\/p>\n\n\n\n<p>Durante la actividad, el director del Cuerpo de Bomberos, Baltazar Solano, inform\u00f3 que entre el 1 y el 23 de enero del presente a\u00f1o se han registrado 503 incendios a escala nacional, lo que representa un incremento del 52 % en comparaci\u00f3n con el mismo per\u00edodo del a\u00f1o anterior.<\/p>\n\n\n\n<p>Las autoridades se\u00f1alaron que este aumento est\u00e1 relacionado, en parte, con las altas temperaturas, la quema irresponsable de maleza y basura, as\u00ed como otras acciones humanas que elevan el riesgo de incendios forestales, estructurales y en predios bald\u00edos.<\/p>\n\n\n\n<p>Ante este panorama, Protecci\u00f3n Civil y el Cuerpo de Bomberos reiteraron el llamado a la poblaci\u00f3n a no realizar quemas, reportar de inmediato cualquier conato de incendio y acatar las disposiciones emitidas por las instituciones de primera respuesta, con el objetivo de prevenir da\u00f1os a la vida, al medio ambiente y a la propiedad.<\/p>\n\n\n\n<figure class=\"wp-block-image size-full is-resized\"><img loading=\"lazy\" decoding=\"async\" width=\"754\" height=\"353\" src=\"https:\/\/elmetidosv.com\/wp-content\/uploads\/2026\/01\/chatarrera-1-1.png\" alt=\"\" class=\"wp-image-22315\" style=\"aspect-ratio:2.136050239339511;width:760px;height:auto\" srcset=\"https:\/\/elmetidosv.com\/wp-content\/uploads\/2026\/01\/chatarrera-1-1.png 754w, https:\/\/elmetidosv.com\/wp-content\/uploads\/2026\/01\/chatarrera-1-1-300x140.png 300w\" sizes=\"auto, (max-width: 754px) 100vw, 754px\" \/><\/figure>\n","protected":false},"excerpt":{"rendered":"<p>San Salvador, El Salvador \u2014Funcionarios que integran la Comisi\u00f3n Nacional de Protecci\u00f3n Civil brindaron una conferencia de prensa para informar<\/p>\n","protected":false},"author":2,"featured_media":22317,"comment_status":"closed","ping_status":"closed","sticky":false,"template":"","format":"standard","meta":{"colormag_page_container_layout":"default_layout","colormag_page_sidebar_layout":"default_layout","footnotes":""},"categories":[1],"tags":[1501,1271,1498,1261,1500,1499,1496,1354,31,1497,763,1495,53,66],"class_list":["post-22314","post","type-post","status-publish","format-standard","has-post-thumbnail","hentry","category-nacional","tag-cuerpodebomberos","tag-emergenciassv","tag-incendiossv","tag-noticiaselsalvador","tag-prevencion-2","tag-baltazar-solano","tag-conferencia-de-prensa","tag-cuerpo-de-bomberos","tag-el-salvador","tag-emergencia-nacional-tags-proteccioncivil","tag-incendios","tag-incremento-de-incendios","tag-prevencion-de-incendios","tag-proteccion-civil"],"_links":{"self":[{"href":"https:\/\/elmetidosv.com\/index.php?rest_route=\/wp\/v2\/posts\/22314","targetHints":{"allow":["GET"]}}],"collection":[{"href":"https:\/\/elmetidosv.com\/index.php?rest_route=\/wp\/v2\/posts"}],"about":[{"href":"https:\/\/elmetidosv.com\/index.php?rest_route=\/wp\/v2\/types\/post"}],"author":[{"embeddable":true,"href":"https:\/\/elmetidosv.com\/index.php?rest_route=\/wp\/v2\/users\/2"}],"replies":[{"embeddable":true,"href":"https:\/\/elmetidosv.com\/index.php?rest_route=%2Fwp%2Fv2%2Fcomments&post=22314"}],"version-history":[{"count":1,"href":"https:\/\/elmetidosv.com\/index.php?rest_route=\/wp\/v2\/posts\/22314\/revisions"}],"predecessor-version":[{"id":22316,"href":"https:\/\/elmetidosv.com\/index.php?rest_route=\/wp\/v2\/posts\/22314\/revisions\/22316"}],"wp:featuredmedia":[{"embeddable":true,"href":"https:\/\/elmetidosv.com\/index.php?rest_route=\/wp\/v2\/media\/22317"}],"wp:attachment":[{"href":"https:\/\/elmetidosv.com\/index.php?rest_route=%2Fwp%2Fv2%2Fmedia&parent=22314"}],"wp:term":[{"taxonomy":"category","embeddable":true,"href":"https:\/\/elmetidosv.com\/index.php?rest_route=%2Fwp%2Fv2%2Fcategories&post=22314"},{"taxonomy":"post_tag","embeddable":true,"href":"https:\/\/elmetidosv.com\/index.php?rest_route=%2Fwp%2Fv2%2Ftags&post=22314"}],"curies":[{"name":"wp","href":"https:\/\/api.w.org\/{rel}","templated":true}]}}