{"id":2230,"date":"2020-05-02T16:10:58","date_gmt":"2020-05-02T22:10:58","guid":{"rendered":"http:\/\/elmetidosve.com\/?p=2230"},"modified":"2020-05-02T16:11:04","modified_gmt":"2020-05-02T22:11:04","slug":"vehiculo-en-llamas-en-una-colonia-de-soyapango","status":"publish","type":"post","link":"https:\/\/elmetidosv.com\/?p=2230","title":{"rendered":"veh\u00edculo en llamas en una colonia de Soyapango"},"content":{"rendered":"\n<p>Un  veh\u00edculo particular es consumido por las llamas el mediod\u00eda de este s\u00e1bado en un sector de la colonia Arboleda, del municipio de Soyapango, reportan ciudadanos del lugar.<\/p>\n\n\n\n<p>Por el momento, se desconoce sobre las causas principales del siniestro y se espera a que personal de Cuerpos de Bomberos llegue a la zona para sofocar las llamas, mientras personas del sector colaboran para controlar el incendio.<\/p>\n\n\n\n<p>Seg\u00fan el video compartido en las diferentes redes sociales y por las caractereisticas del veh\u00edculo, corresponde a la marca Honda, color blanco, placas P410-145.<\/p>\n\n\n\n<p>Asimismo, se espera a que la Polic\u00eda Nacional Civil (PNC) realice una inspeci\u00f3n para determinar si el incendio fue producto por un desperfecto mec\u00e1nico o si se trata de un hecho intensional.<\/p>\n","protected":false},"excerpt":{"rendered":"<p>Un veh\u00edculo particular es consumido por las llamas el mediod\u00eda de este s\u00e1bado en un sector de la colonia Arboleda,<\/p>\n","protected":false},"author":1,"featured_media":2231,"comment_status":"open","ping_status":"open","sticky":false,"template":"","format":"standard","meta":{"colormag_page_container_layout":"default_layout","colormag_page_sidebar_layout":"default_layout","footnotes":""},"categories":[1],"tags":[],"class_list":["post-2230","post","type-post","status-publish","format-standard","has-post-thumbnail","hentry","category-nacional"],"_links":{"self":[{"href":"https:\/\/elmetidosv.com\/index.php?rest_route=\/wp\/v2\/posts\/2230","targetHints":{"allow":["GET"]}}],"collection":[{"href":"https:\/\/elmetidosv.com\/index.php?rest_route=\/wp\/v2\/posts"}],"about":[{"href":"https:\/\/elmetidosv.com\/index.php?rest_route=\/wp\/v2\/types\/post"}],"author":[{"embeddable":true,"href":"https:\/\/elmetidosv.com\/index.php?rest_route=\/wp\/v2\/users\/1"}],"replies":[{"embeddable":true,"href":"https:\/\/elmetidosv.com\/index.php?rest_route=%2Fwp%2Fv2%2Fcomments&post=2230"}],"version-history":[{"count":1,"href":"https:\/\/elmetidosv.com\/index.php?rest_route=\/wp\/v2\/posts\/2230\/revisions"}],"predecessor-version":[{"id":2232,"href":"https:\/\/elmetidosv.com\/index.php?rest_route=\/wp\/v2\/posts\/2230\/revisions\/2232"}],"wp:featuredmedia":[{"embeddable":true,"href":"https:\/\/elmetidosv.com\/index.php?rest_route=\/wp\/v2\/media\/2231"}],"wp:attachment":[{"href":"https:\/\/elmetidosv.com\/index.php?rest_route=%2Fwp%2Fv2%2Fmedia&parent=2230"}],"wp:term":[{"taxonomy":"category","embeddable":true,"href":"https:\/\/elmetidosv.com\/index.php?rest_route=%2Fwp%2Fv2%2Fcategories&post=2230"},{"taxonomy":"post_tag","embeddable":true,"href":"https:\/\/elmetidosv.com\/index.php?rest_route=%2Fwp%2Fv2%2Ftags&post=2230"}],"curies":[{"name":"wp","href":"https:\/\/api.w.org\/{rel}","templated":true}]}}