{"id":22279,"date":"2026-01-24T09:59:33","date_gmt":"2026-01-24T15:59:33","guid":{"rendered":"https:\/\/elmetidosv.com\/?p=22279"},"modified":"2026-01-24T09:59:33","modified_gmt":"2026-01-24T15:59:33","slug":"vehiculo-se-incendia-dentro-de-vivienda-en-colonia-escalon-san-salvador","status":"publish","type":"post","link":"https:\/\/elmetidosv.com\/?p=22279","title":{"rendered":"VEH\u00cdCULO SE INCENDIA DENTRO DE VIVIENDA EN COLONIA ESCAL\u00d3N, SAN SALVADOR"},"content":{"rendered":"\n<figure class=\"wp-block-image size-large is-resized\"><img loading=\"lazy\" decoding=\"async\" width=\"659\" height=\"1024\" src=\"https:\/\/elmetidosv.com\/wp-content\/uploads\/2026\/01\/carro-2-659x1024.jpeg\" alt=\"\" class=\"wp-image-22281\" style=\"width:760px;height:auto\" srcset=\"https:\/\/elmetidosv.com\/wp-content\/uploads\/2026\/01\/carro-2-659x1024.jpeg 659w, https:\/\/elmetidosv.com\/wp-content\/uploads\/2026\/01\/carro-2-193x300.jpeg 193w, https:\/\/elmetidosv.com\/wp-content\/uploads\/2026\/01\/carro-2.jpeg 720w\" sizes=\"auto, (max-width: 659px) 100vw, 659px\" \/><\/figure>\n\n\n\n<p>San Salvador, El Salvador.\u2014 Un veh\u00edculo se incendi\u00f3 la ma\u00f1ana de este d\u00eda al interior de una vivienda ubicada en la prolongaci\u00f3n Masferrer Norte, colonia Escal\u00f3n, en San Salvador Centro, informaron cuerpos de socorro.<br>Elementos del Cuerpo de Bomberos de El Salvador se desplazaron al lugar tras recibir la alerta y lograron controlar el siniestro, evitando que las llamas se propagaran hacia otras \u00e1reas de la vivienda o inmuebles cercanos.<br>De acuerdo con el reporte preliminar, el incendio \u00fanicamente dej\u00f3 da\u00f1os materiales y no se registraron personas lesionadas. Las causas que originaron el fuego no han sido detalladas oficialmente y permanecen bajo verificaci\u00f3n t\u00e9cnica.<br>Las autoridades reiteraron el llamado a la poblaci\u00f3n a mantener medidas de prevenci\u00f3n dentro de los hogares y reportar de inmediato cualquier emergencia al sistema de respuesta correspondiente.<\/p>\n\n\n\n<figure class=\"wp-block-image size-large is-resized\"><img loading=\"lazy\" decoding=\"async\" width=\"667\" height=\"1024\" src=\"https:\/\/elmetidosv.com\/wp-content\/uploads\/2026\/01\/carro-3-667x1024.jpeg\" alt=\"\" class=\"wp-image-22282\" style=\"width:760px;height:auto\" srcset=\"https:\/\/elmetidosv.com\/wp-content\/uploads\/2026\/01\/carro-3-667x1024.jpeg 667w, https:\/\/elmetidosv.com\/wp-content\/uploads\/2026\/01\/carro-3-195x300.jpeg 195w, https:\/\/elmetidosv.com\/wp-content\/uploads\/2026\/01\/carro-3.jpeg 720w\" sizes=\"auto, (max-width: 667px) 100vw, 667px\" \/><\/figure>\n","protected":false},"excerpt":{"rendered":"<p>San Salvador, El Salvador.\u2014 Un veh\u00edculo se incendi\u00f3 la ma\u00f1ana de este d\u00eda al interior de una vivienda ubicada en<\/p>\n","protected":false},"author":2,"featured_media":22280,"comment_status":"closed","ping_status":"","sticky":false,"template":"","format":"standard","meta":{"colormag_page_container_layout":"default_layout","colormag_page_sidebar_layout":"default_layout","footnotes":""},"categories":[1],"tags":[140,856,1419,1418,1420,31,330,1421,1422,405,46,430,528,816],"class_list":["post-22279","post","type-post","status-publish","format-standard","has-post-thumbnail","hentry","category-nacional","tag-actualidad","tag-bomberos","tag-bomberos-de-el-salvador","tag-colonia-escalon","tag-danos-materiales-tags-san-salvador","tag-el-salvador","tag-emergencia","tag-escalon","tag-incendio","tag-incendio-en-vivienda","tag-noticias-el-salvador","tag-san-salvador-centro","tag-sucesos","tag-vehiculo-incendiado"],"_links":{"self":[{"href":"https:\/\/elmetidosv.com\/index.php?rest_route=\/wp\/v2\/posts\/22279","targetHints":{"allow":["GET"]}}],"collection":[{"href":"https:\/\/elmetidosv.com\/index.php?rest_route=\/wp\/v2\/posts"}],"about":[{"href":"https:\/\/elmetidosv.com\/index.php?rest_route=\/wp\/v2\/types\/post"}],"author":[{"embeddable":true,"href":"https:\/\/elmetidosv.com\/index.php?rest_route=\/wp\/v2\/users\/2"}],"replies":[{"embeddable":true,"href":"https:\/\/elmetidosv.com\/index.php?rest_route=%2Fwp%2Fv2%2Fcomments&post=22279"}],"version-history":[{"count":1,"href":"https:\/\/elmetidosv.com\/index.php?rest_route=\/wp\/v2\/posts\/22279\/revisions"}],"predecessor-version":[{"id":22283,"href":"https:\/\/elmetidosv.com\/index.php?rest_route=\/wp\/v2\/posts\/22279\/revisions\/22283"}],"wp:featuredmedia":[{"embeddable":true,"href":"https:\/\/elmetidosv.com\/index.php?rest_route=\/wp\/v2\/media\/22280"}],"wp:attachment":[{"href":"https:\/\/elmetidosv.com\/index.php?rest_route=%2Fwp%2Fv2%2Fmedia&parent=22279"}],"wp:term":[{"taxonomy":"category","embeddable":true,"href":"https:\/\/elmetidosv.com\/index.php?rest_route=%2Fwp%2Fv2%2Fcategories&post=22279"},{"taxonomy":"post_tag","embeddable":true,"href":"https:\/\/elmetidosv.com\/index.php?rest_route=%2Fwp%2Fv2%2Ftags&post=22279"}],"curies":[{"name":"wp","href":"https:\/\/api.w.org\/{rel}","templated":true}]}}