{"id":22267,"date":"2026-01-24T09:33:48","date_gmt":"2026-01-24T15:33:48","guid":{"rendered":"https:\/\/elmetidosv.com\/?p=22267"},"modified":"2026-01-24T09:33:48","modified_gmt":"2026-01-24T15:33:48","slug":"detencion-de-nina-ecuatoriana-por-parte-de-agentes-de-ice-genera-polemica-tras-orden-judicial-de-liberacion-en-minnesota","status":"publish","type":"post","link":"https:\/\/elmetidosv.com\/?p=22267","title":{"rendered":"DETENCI\u00d3N DE NI\u00d1A ECUATORIANA POR PARTE DE AGENTES DE ICE GENERA POL\u00c9MICA TRAS ORDEN JUDICIAL DE LIBERACI\u00d3N EN MINNESOTA"},"content":{"rendered":"\n<figure class=\"wp-block-image size-full\"><img loading=\"lazy\" decoding=\"async\" width=\"800\" height=\"800\" src=\"https:\/\/elmetidosv.com\/wp-content\/uploads\/2026\/01\/ice-2.jpeg\" alt=\"\" class=\"wp-image-22269\" srcset=\"https:\/\/elmetidosv.com\/wp-content\/uploads\/2026\/01\/ice-2.jpeg 800w, https:\/\/elmetidosv.com\/wp-content\/uploads\/2026\/01\/ice-2-300x300.jpeg 300w, https:\/\/elmetidosv.com\/wp-content\/uploads\/2026\/01\/ice-2-150x150.jpeg 150w, https:\/\/elmetidosv.com\/wp-content\/uploads\/2026\/01\/ice-2-768x768.jpeg 768w\" sizes=\"auto, (max-width: 800px) 100vw, 800px\" \/><\/figure>\n\n\n\n<p>Minneapolis, Estados Unidos.\u2014 Agentes del Servicio de Inmigraci\u00f3n y Control de Aduanas (ICE, por sus siglas en ingl\u00e9s) detuvieron a una ni\u00f1a ecuatoriana de dos a\u00f1os, identificada como Chloe Renata Tipan Villacis, junto a su padre, durante un operativo realizado en el sur de Minneapolis, seg\u00fan informaron sus abogados defensores.<br>De acuerdo con la informaci\u00f3n proporcionada por la defensa, ambos se encontraban en proceso de solicitud de asilo cuando fueron intervenidos por las autoridades migratorias. Los representantes legales aseguran que la detenci\u00f3n se realiz\u00f3 sin una orden judicial vigente ni una orden final de deportaci\u00f3n.<br>Los hechos generaron controversia luego de que un juez federal emitiera una orden de emergencia para su liberaci\u00f3n inmediata a las 8:10 de la noche del mismo d\u00eda. Sin embargo, seg\u00fan los abogados, apenas 20 minutos despu\u00e9s \u2014a las 8:30 p. m.\u2014 la menor y su padre ya hab\u00edan sido trasladados en un vuelo comercial con destino al estado de Texas.<br>La defensa tambi\u00e9n afirm\u00f3 que durante el operativo los agentes habr\u00edan utilizado irritantes qu\u00edmicos y granadas aturdidoras, aunque este se\u00f1alamiento a\u00fan no ha sido confirmado oficialmente por las autoridades federales.<br>Organizaciones defensoras de derechos humanos y migratorios han expresado preocupaci\u00f3n por el procedimiento, especialmente por tratarse de una menor de edad, y han solicitado una revisi\u00f3n urgente del caso para determinar si se vulneraron derechos fundamentales y protocolos internacionales de protecci\u00f3n a la ni\u00f1ez.<br>Hasta el momento, ICE no ha emitido un pronunciamiento oficial detallando las circunstancias de la detenci\u00f3n ni las razones por las cuales se ejecut\u00f3 el traslado pese a la orden judicial vigente.<\/p>\n\n\n\n<figure class=\"wp-block-image size-full is-resized\"><img loading=\"lazy\" decoding=\"async\" width=\"720\" height=\"478\" src=\"https:\/\/elmetidosv.com\/wp-content\/uploads\/2026\/01\/ice-3.jpeg\" alt=\"\" class=\"wp-image-22270\" style=\"width:760px;height:auto\" srcset=\"https:\/\/elmetidosv.com\/wp-content\/uploads\/2026\/01\/ice-3.jpeg 720w, https:\/\/elmetidosv.com\/wp-content\/uploads\/2026\/01\/ice-3-300x199.jpeg 300w\" sizes=\"auto, (max-width: 720px) 100vw, 720px\" \/><\/figure>\n","protected":false},"excerpt":{"rendered":"<p>Minneapolis, Estados Unidos.\u2014 Agentes del Servicio de Inmigraci\u00f3n y Control de Aduanas (ICE, por sus siglas en ingl\u00e9s) detuvieron a<\/p>\n","protected":false},"author":2,"featured_media":22268,"comment_status":"closed","ping_status":"","sticky":false,"template":"","format":"standard","meta":{"colormag_page_container_layout":"default_layout","colormag_page_sidebar_layout":"default_layout","footnotes":""},"categories":[3],"tags":[140,1231,1398,1400,909,1396,14,1228,1401,134,1402,1399,18,1223,29,1397,1395],"class_list":["post-22267","post","type-post","status-publish","format-standard","has-post-thumbnail","hentry","category-internacional","tag-actualidad","tag-asilo","tag-caso-ice","tag-deportacion-tags-estados-unidos","tag-derechos-humanos","tag-detencion-migratoria","tag-ice","tag-inmigracion","tag-justicia-federal","tag-menor-de-edad","tag-menores-migrantes","tag-migracion-estados-unidos","tag-minneapolis","tag-minnesota","tag-noticias-internacionales","tag-orden-judicial","tag-solicitantes-de-asilo"],"_links":{"self":[{"href":"https:\/\/elmetidosv.com\/index.php?rest_route=\/wp\/v2\/posts\/22267","targetHints":{"allow":["GET"]}}],"collection":[{"href":"https:\/\/elmetidosv.com\/index.php?rest_route=\/wp\/v2\/posts"}],"about":[{"href":"https:\/\/elmetidosv.com\/index.php?rest_route=\/wp\/v2\/types\/post"}],"author":[{"embeddable":true,"href":"https:\/\/elmetidosv.com\/index.php?rest_route=\/wp\/v2\/users\/2"}],"replies":[{"embeddable":true,"href":"https:\/\/elmetidosv.com\/index.php?rest_route=%2Fwp%2Fv2%2Fcomments&post=22267"}],"version-history":[{"count":1,"href":"https:\/\/elmetidosv.com\/index.php?rest_route=\/wp\/v2\/posts\/22267\/revisions"}],"predecessor-version":[{"id":22271,"href":"https:\/\/elmetidosv.com\/index.php?rest_route=\/wp\/v2\/posts\/22267\/revisions\/22271"}],"wp:featuredmedia":[{"embeddable":true,"href":"https:\/\/elmetidosv.com\/index.php?rest_route=\/wp\/v2\/media\/22268"}],"wp:attachment":[{"href":"https:\/\/elmetidosv.com\/index.php?rest_route=%2Fwp%2Fv2%2Fmedia&parent=22267"}],"wp:term":[{"taxonomy":"category","embeddable":true,"href":"https:\/\/elmetidosv.com\/index.php?rest_route=%2Fwp%2Fv2%2Fcategories&post=22267"},{"taxonomy":"post_tag","embeddable":true,"href":"https:\/\/elmetidosv.com\/index.php?rest_route=%2Fwp%2Fv2%2Ftags&post=22267"}],"curies":[{"name":"wp","href":"https:\/\/api.w.org\/{rel}","templated":true}]}}