{"id":22214,"date":"2026-01-23T08:20:53","date_gmt":"2026-01-23T14:20:53","guid":{"rendered":"https:\/\/elmetidosv.com\/?p=22214"},"modified":"2026-01-23T09:12:40","modified_gmt":"2026-01-23T15:12:40","slug":"motociclista-muere-tras-accidente-de-transito-en-el-paseo-general-escalon","status":"publish","type":"post","link":"https:\/\/elmetidosv.com\/?p=22214","title":{"rendered":"MOTOCICLISTA MUERE TRAS ACCIDENTE DE TR\u00c1NSITO EN EL PASEO GENERAL ESCAL\u00d3N"},"content":{"rendered":"\n<figure class=\"wp-block-image size-large\"><img loading=\"lazy\" decoding=\"async\" width=\"1024\" height=\"461\" src=\"https:\/\/elmetidosv.com\/wp-content\/uploads\/2026\/01\/moto-4-1024x461.jpg\" alt=\"\" class=\"wp-image-22216\" srcset=\"https:\/\/elmetidosv.com\/wp-content\/uploads\/2026\/01\/moto-4-1024x461.jpg 1024w, https:\/\/elmetidosv.com\/wp-content\/uploads\/2026\/01\/moto-4-300x135.jpg 300w, https:\/\/elmetidosv.com\/wp-content\/uploads\/2026\/01\/moto-4-768x346.jpg 768w, https:\/\/elmetidosv.com\/wp-content\/uploads\/2026\/01\/moto-4-1536x692.jpg 1536w, https:\/\/elmetidosv.com\/wp-content\/uploads\/2026\/01\/moto-4-2048x923.jpg 2048w\" sizes=\"auto, (max-width: 1024px) 100vw, 1024px\" \/><\/figure>\n\n\n\n<p>San Salvador, El Salvador \u2014<br>Un motociclista falleci\u00f3 en un accidente de tr\u00e1nsito registrado en el Paseo General Escal\u00f3n, en el sector de las Fuentes Beethoven, en San Salvador, informaron autoridades de tr\u00e1nsito.<\/p>\n\n\n\n<p>De acuerdo con el reporte oficial, la v\u00edctima, era un joven de 21 a\u00f1os, identificado como: Kelvin Stanley Ortiz, quien colision\u00f3 con un autob\u00fas de la ruta 52 por causas que a\u00fan se encuentran bajo investigaci\u00f3n. Sin embargo, las autoridades indicaron de manera preliminar que la velocidad inadecuada habr\u00eda sido el principal factor que provoc\u00f3 el percance.<\/p>\n\n\n\n<p>Equipos de emergencia y agentes de tr\u00e1nsito se hicieron presentes en la zona para acordonar el \u00e1rea y realizar las diligencias correspondientes, lo que gener\u00f3 complicaciones temporales en la circulaci\u00f3n vehicular.<\/p>\n\n\n\n<p>Las autoridades reiteraron el llamado a los motociclistas y conductores en general a respetar los l\u00edmites de velocidad y las normas viales, con el fin de prevenir accidentes que cobren vidas en las principales arterias del pa\u00eds.<\/p>\n\n\n\n<figure class=\"wp-block-image size-full is-resized\"><img loading=\"lazy\" decoding=\"async\" width=\"526\" height=\"785\" src=\"https:\/\/elmetidosv.com\/wp-content\/uploads\/2026\/01\/moto-2-1.jpg\" alt=\"\" class=\"wp-image-22217\" style=\"width:760px;height:auto\" srcset=\"https:\/\/elmetidosv.com\/wp-content\/uploads\/2026\/01\/moto-2-1.jpg 526w, https:\/\/elmetidosv.com\/wp-content\/uploads\/2026\/01\/moto-2-1-201x300.jpg 201w\" sizes=\"auto, (max-width: 526px) 100vw, 526px\" \/><\/figure>\n","protected":false},"excerpt":{"rendered":"<p>San Salvador, El Salvador \u2014Un motociclista falleci\u00f3 en un accidente de tr\u00e1nsito registrado en el Paseo General Escal\u00f3n, en el<\/p>\n","protected":false},"author":2,"featured_media":22215,"comment_status":"closed","ping_status":"closed","sticky":false,"template":"","format":"standard","meta":{"colormag_page_container_layout":"default_layout","colormag_page_sidebar_layout":"default_layout","footnotes":""},"categories":[1],"tags":[1279,1261,1278,1277,1280,1265,1263,110,1257,1259,1276,129,1274,1275,126,122,1255],"class_list":["post-22214","post","type-post","status-publish","format-standard","has-post-thumbnail","hentry","category-nacional","tag-motociclista-2","tag-noticiaselsalvador","tag-paseogeneralescalon","tag-ruta52","tag-sansalvador","tag-seguridadvial","tag-transitosv","tag-accidente-de-transito","tag-autoridades-de-transito","tag-el-salvador-tags-accidentedetransito","tag-fuentes-beethoven","tag-motociclista-fallecido","tag-paseo-general-escalon","tag-ruta-52","tag-san-salvador","tag-seguridad-vial","tag-velocidad-inadecuada"],"_links":{"self":[{"href":"https:\/\/elmetidosv.com\/index.php?rest_route=\/wp\/v2\/posts\/22214","targetHints":{"allow":["GET"]}}],"collection":[{"href":"https:\/\/elmetidosv.com\/index.php?rest_route=\/wp\/v2\/posts"}],"about":[{"href":"https:\/\/elmetidosv.com\/index.php?rest_route=\/wp\/v2\/types\/post"}],"author":[{"embeddable":true,"href":"https:\/\/elmetidosv.com\/index.php?rest_route=\/wp\/v2\/users\/2"}],"replies":[{"embeddable":true,"href":"https:\/\/elmetidosv.com\/index.php?rest_route=%2Fwp%2Fv2%2Fcomments&post=22214"}],"version-history":[{"count":2,"href":"https:\/\/elmetidosv.com\/index.php?rest_route=\/wp\/v2\/posts\/22214\/revisions"}],"predecessor-version":[{"id":22228,"href":"https:\/\/elmetidosv.com\/index.php?rest_route=\/wp\/v2\/posts\/22214\/revisions\/22228"}],"wp:featuredmedia":[{"embeddable":true,"href":"https:\/\/elmetidosv.com\/index.php?rest_route=\/wp\/v2\/media\/22215"}],"wp:attachment":[{"href":"https:\/\/elmetidosv.com\/index.php?rest_route=%2Fwp%2Fv2%2Fmedia&parent=22214"}],"wp:term":[{"taxonomy":"category","embeddable":true,"href":"https:\/\/elmetidosv.com\/index.php?rest_route=%2Fwp%2Fv2%2Fcategories&post=22214"},{"taxonomy":"post_tag","embeddable":true,"href":"https:\/\/elmetidosv.com\/index.php?rest_route=%2Fwp%2Fv2%2Ftags&post=22214"}],"curies":[{"name":"wp","href":"https:\/\/api.w.org\/{rel}","templated":true}]}}