{"id":22210,"date":"2026-01-23T07:57:06","date_gmt":"2026-01-23T13:57:06","guid":{"rendered":"https:\/\/elmetidosv.com\/?p=22210"},"modified":"2026-01-23T07:57:06","modified_gmt":"2026-01-23T13:57:06","slug":"accidente-de-transito-en-carretera-panamericana-deja-una-persona-atendida-en-ciudad-arce","status":"publish","type":"post","link":"https:\/\/elmetidosv.com\/?p=22210","title":{"rendered":"ACCIDENTE DE TR\u00c1NSITO EN CARRETERA PANAMERICANA DEJA UNA PERSONA ATENDIDA EN CIUDAD ARCE"},"content":{"rendered":"\n<p>Ciudad Arce, La Libertad Centro, El Salvador \u2014<br>Comandos de Salvamento de Ciudad Arce inform\u00f3 que fue alertado sobre un accidente de tr\u00e1nsito registrado en la carretera Panamericana CA-1, en el tramo que de San Salvador conduce hacia Santa Ana, a la altura del retorno de San Andr\u00e9s, en el distrito de Ciudad Arce.<\/p>\n\n\n\n<p>De acuerdo con el reporte preliminar, en el hecho se vieron involucrados un veh\u00edculo tipo sed\u00e1n y una volqueta. Tras el impacto, el conductor de la volqueta se dio a la fuga, seg\u00fan indicaron los socorristas que atendieron la emergencia.<\/p>\n\n\n\n<p>Al llegar al lugar, los voluntarios localizaron a una persona del sexo masculino que presentaba una crisis nerviosa, por lo que fue atendida en la escena sin que fuera necesario su traslado a un centro hospitalario.<\/p>\n\n\n\n<p>Las autoridades correspondientes fueron notificadas del incidente para iniciar las investigaciones y dar con el paradero del veh\u00edculo involucrado que abandon\u00f3 el lugar del accidente. Asimismo, se reiter\u00f3 el llamado a los conductores a respetar las normas de tr\u00e1nsito y actuar con responsabilidad ante cualquier percance vial.<\/p>\n\n\n\n<figure class=\"wp-block-image size-large\"><img loading=\"lazy\" decoding=\"async\" width=\"1024\" height=\"461\" src=\"https:\/\/elmetidosv.com\/wp-content\/uploads\/2026\/01\/ciudad-2-1024x461.jpg\" alt=\"\" class=\"wp-image-22212\" srcset=\"https:\/\/elmetidosv.com\/wp-content\/uploads\/2026\/01\/ciudad-2-1024x461.jpg 1024w, https:\/\/elmetidosv.com\/wp-content\/uploads\/2026\/01\/ciudad-2-300x135.jpg 300w, https:\/\/elmetidosv.com\/wp-content\/uploads\/2026\/01\/ciudad-2-768x346.jpg 768w, https:\/\/elmetidosv.com\/wp-content\/uploads\/2026\/01\/ciudad-2-1536x692.jpg 1536w, https:\/\/elmetidosv.com\/wp-content\/uploads\/2026\/01\/ciudad-2.jpg 1599w\" sizes=\"auto, (max-width: 1024px) 100vw, 1024px\" \/><\/figure>\n","protected":false},"excerpt":{"rendered":"<p>Ciudad Arce, La Libertad Centro, El Salvador \u2014Comandos de Salvamento de Ciudad Arce inform\u00f3 que fue alertado sobre un accidente<\/p>\n","protected":false},"author":2,"featured_media":22211,"comment_status":"closed","ping_status":"","sticky":false,"template":"","format":"standard","meta":{"colormag_page_container_layout":"default_layout","colormag_page_sidebar_layout":"default_layout","footnotes":""},"categories":[1],"tags":[1270,1273,1272,1271,1261,1265,110,1266,111,112,117,1268,1259,833,1269,1267,808,1184],"class_list":["post-22210","post","type-post","status-publish","format-standard","has-post-thumbnail","hentry","category-nacional","tag-carreterapanamericana","tag-ciudadarce","tag-comandosdesalvamento","tag-emergenciassv","tag-noticiaselsalvador","tag-seguridadvial","tag-accidente-de-transito","tag-ca-1","tag-carretera-panamericana","tag-ciudad-arce","tag-comandos-de-salvamento","tag-crisis-nerviosa","tag-el-salvador-tags-accidentedetransito","tag-emergencia-vial","tag-fuga","tag-san-andres","tag-sedan","tag-volqueta"],"_links":{"self":[{"href":"https:\/\/elmetidosv.com\/index.php?rest_route=\/wp\/v2\/posts\/22210","targetHints":{"allow":["GET"]}}],"collection":[{"href":"https:\/\/elmetidosv.com\/index.php?rest_route=\/wp\/v2\/posts"}],"about":[{"href":"https:\/\/elmetidosv.com\/index.php?rest_route=\/wp\/v2\/types\/post"}],"author":[{"embeddable":true,"href":"https:\/\/elmetidosv.com\/index.php?rest_route=\/wp\/v2\/users\/2"}],"replies":[{"embeddable":true,"href":"https:\/\/elmetidosv.com\/index.php?rest_route=%2Fwp%2Fv2%2Fcomments&post=22210"}],"version-history":[{"count":1,"href":"https:\/\/elmetidosv.com\/index.php?rest_route=\/wp\/v2\/posts\/22210\/revisions"}],"predecessor-version":[{"id":22213,"href":"https:\/\/elmetidosv.com\/index.php?rest_route=\/wp\/v2\/posts\/22210\/revisions\/22213"}],"wp:featuredmedia":[{"embeddable":true,"href":"https:\/\/elmetidosv.com\/index.php?rest_route=\/wp\/v2\/media\/22211"}],"wp:attachment":[{"href":"https:\/\/elmetidosv.com\/index.php?rest_route=%2Fwp%2Fv2%2Fmedia&parent=22210"}],"wp:term":[{"taxonomy":"category","embeddable":true,"href":"https:\/\/elmetidosv.com\/index.php?rest_route=%2Fwp%2Fv2%2Fcategories&post=22210"},{"taxonomy":"post_tag","embeddable":true,"href":"https:\/\/elmetidosv.com\/index.php?rest_route=%2Fwp%2Fv2%2Ftags&post=22210"}],"curies":[{"name":"wp","href":"https:\/\/api.w.org\/{rel}","templated":true}]}}