{"id":22205,"date":"2026-01-23T07:46:20","date_gmt":"2026-01-23T13:46:20","guid":{"rendered":"https:\/\/elmetidosv.com\/?p=22205"},"modified":"2026-01-23T07:46:20","modified_gmt":"2026-01-23T13:46:20","slug":"fuerte-accidente-de-transito-en-la-autopista-a-comalapa-deja-un-lesionado","status":"publish","type":"post","link":"https:\/\/elmetidosv.com\/?p=22205","title":{"rendered":"FUERTE ACCIDENTE DE TR\u00c1NSITO EN LA AUTOPISTA A COMALAPA DEJA UN LESIONADO"},"content":{"rendered":"\n<figure class=\"wp-block-image size-large\"><img loading=\"lazy\" decoding=\"async\" width=\"1024\" height=\"768\" src=\"https:\/\/elmetidosv.com\/wp-content\/uploads\/2026\/01\/acci-2-1-1024x768.jpg\" alt=\"\" class=\"wp-image-22207\" srcset=\"https:\/\/elmetidosv.com\/wp-content\/uploads\/2026\/01\/acci-2-1-1024x768.jpg 1024w, https:\/\/elmetidosv.com\/wp-content\/uploads\/2026\/01\/acci-2-1-300x225.jpg 300w, https:\/\/elmetidosv.com\/wp-content\/uploads\/2026\/01\/acci-2-1-768x576.jpg 768w, https:\/\/elmetidosv.com\/wp-content\/uploads\/2026\/01\/acci-2-1-1536x1152.jpg 1536w, https:\/\/elmetidosv.com\/wp-content\/uploads\/2026\/01\/acci-2-1.jpg 1600w\" sizes=\"auto, (max-width: 1024px) 100vw, 1024px\" \/><\/figure>\n\n\n\n<p>San Juan Talpa, La Paz Oeste, El Salvador \u2014<br>Las autoridades reportaron la noche del mi\u00e9rcoles un fuerte accidente de tr\u00e1nsito registrado en el kil\u00f3metro 33 de la autopista a Comalapa, en el distrito de San Juan Talpa, departamento de La Paz Oeste.<\/p>\n\n\n\n<p>De acuerdo con el informe preliminar, en el percance estuvieron involucradas dos rastras, un pick up y un veh\u00edculo tipo sed\u00e1n. Como resultado del impacto, un hombre result\u00f3 con lesiones y fue trasladado a un centro hospitalario para recibir atenci\u00f3n m\u00e9dica especializada. Hasta el momento no se ha brindado informaci\u00f3n oficial sobre su estado de salud.<\/p>\n\n\n\n<p>Las autoridades de tr\u00e1nsito se\u00f1alaron que la velocidad inadecuada habr\u00eda sido la causa principal del accidente, por lo que reiteraron el llamado a los conductores a respetar los l\u00edmites establecidos y mantener una conducci\u00f3n responsable, especialmente en v\u00edas de alto tr\u00e1fico.<\/p>\n\n\n\n<p>Debido a las labores de inspecci\u00f3n y remoci\u00f3n de los veh\u00edculos involucrados, el paso vehicular fue reducido a un solo carril durante varias horas, lo que gener\u00f3 congestionamiento en la zona. Los equipos de emergencia y seguridad vial trabajaron en el lugar para normalizar la circulaci\u00f3n y prevenir nuevos incidentes.<\/p>\n\n\n\n<p>Las investigaciones contin\u00faan para determinar con precisi\u00f3n las responsabilidades en este hecho vial.<\/p>\n\n\n\n<figure class=\"wp-block-image size-large\"><img loading=\"lazy\" decoding=\"async\" width=\"1024\" height=\"768\" src=\"https:\/\/elmetidosv.com\/wp-content\/uploads\/2026\/01\/acci-3-1-1024x768.jpg\" alt=\"\" class=\"wp-image-22208\" srcset=\"https:\/\/elmetidosv.com\/wp-content\/uploads\/2026\/01\/acci-3-1-1024x768.jpg 1024w, https:\/\/elmetidosv.com\/wp-content\/uploads\/2026\/01\/acci-3-1-300x225.jpg 300w, https:\/\/elmetidosv.com\/wp-content\/uploads\/2026\/01\/acci-3-1-768x576.jpg 768w, https:\/\/elmetidosv.com\/wp-content\/uploads\/2026\/01\/acci-3-1-1536x1152.jpg 1536w, https:\/\/elmetidosv.com\/wp-content\/uploads\/2026\/01\/acci-3-1.jpg 1600w\" sizes=\"auto, (max-width: 1024px) 100vw, 1024px\" \/><\/figure>\n","protected":false},"excerpt":{"rendered":"<p>San Juan Talpa, La Paz Oeste, El Salvador \u2014Las autoridades reportaron la noche del mi\u00e9rcoles un fuerte accidente de tr\u00e1nsito<\/p>\n","protected":false},"author":2,"featured_media":22206,"comment_status":"closed","ping_status":"","sticky":false,"template":"","format":"standard","meta":{"colormag_page_container_layout":"default_layout","colormag_page_sidebar_layout":"default_layout","footnotes":""},"categories":[1],"tags":[1260,1262,1261,1264,1265,1263,110,462,1257,1259,1251,1252,1256,919,1253,1254,808,1258,1255],"class_list":["post-22205","post","type-post","status-publish","format-standard","has-post-thumbnail","hentry","category-nacional","tag-autopistaacomalapa","tag-lapazoeste","tag-noticiaselsalvador","tag-sanjuantalpa","tag-seguridadvial","tag-transitosv","tag-accidente-de-transito","tag-autopista-a-comalapa","tag-autoridades-de-transito","tag-el-salvador-tags-accidentedetransito","tag-km-33","tag-la-paz-oeste","tag-lesionado","tag-pick-up-2","tag-rastras","tag-san-juan-talpa","tag-sedan","tag-trafico-reducido","tag-velocidad-inadecuada"],"_links":{"self":[{"href":"https:\/\/elmetidosv.com\/index.php?rest_route=\/wp\/v2\/posts\/22205","targetHints":{"allow":["GET"]}}],"collection":[{"href":"https:\/\/elmetidosv.com\/index.php?rest_route=\/wp\/v2\/posts"}],"about":[{"href":"https:\/\/elmetidosv.com\/index.php?rest_route=\/wp\/v2\/types\/post"}],"author":[{"embeddable":true,"href":"https:\/\/elmetidosv.com\/index.php?rest_route=\/wp\/v2\/users\/2"}],"replies":[{"embeddable":true,"href":"https:\/\/elmetidosv.com\/index.php?rest_route=%2Fwp%2Fv2%2Fcomments&post=22205"}],"version-history":[{"count":1,"href":"https:\/\/elmetidosv.com\/index.php?rest_route=\/wp\/v2\/posts\/22205\/revisions"}],"predecessor-version":[{"id":22209,"href":"https:\/\/elmetidosv.com\/index.php?rest_route=\/wp\/v2\/posts\/22205\/revisions\/22209"}],"wp:featuredmedia":[{"embeddable":true,"href":"https:\/\/elmetidosv.com\/index.php?rest_route=\/wp\/v2\/media\/22206"}],"wp:attachment":[{"href":"https:\/\/elmetidosv.com\/index.php?rest_route=%2Fwp%2Fv2%2Fmedia&parent=22205"}],"wp:term":[{"taxonomy":"category","embeddable":true,"href":"https:\/\/elmetidosv.com\/index.php?rest_route=%2Fwp%2Fv2%2Fcategories&post=22205"},{"taxonomy":"post_tag","embeddable":true,"href":"https:\/\/elmetidosv.com\/index.php?rest_route=%2Fwp%2Fv2%2Ftags&post=22205"}],"curies":[{"name":"wp","href":"https:\/\/api.w.org\/{rel}","templated":true}]}}