{"id":22190,"date":"2026-01-22T15:38:42","date_gmt":"2026-01-22T21:38:42","guid":{"rendered":"https:\/\/elmetidosv.com\/?p=22190"},"modified":"2026-01-22T15:43:29","modified_gmt":"2026-01-22T21:43:29","slug":"denuncian-detencion-de-nino-de-5-anos-por-agentes-del-ice-en-minnesota","status":"publish","type":"post","link":"https:\/\/elmetidosv.com\/?p=22190","title":{"rendered":"DENUNCIAN DETENCI\u00d3N DE NI\u00d1O DE 5 A\u00d1OS POR AGENTES DEL ICE EN MINNESOTA"},"content":{"rendered":"\n<figure class=\"wp-block-image size-full is-resized\"><img loading=\"lazy\" decoding=\"async\" width=\"720\" height=\"903\" src=\"https:\/\/elmetidosv.com\/wp-content\/uploads\/2026\/01\/2-6.jpeg\" alt=\"\" class=\"wp-image-22192\" style=\"width:760px;height:auto\" srcset=\"https:\/\/elmetidosv.com\/wp-content\/uploads\/2026\/01\/2-6.jpeg 720w, https:\/\/elmetidosv.com\/wp-content\/uploads\/2026\/01\/2-6-239x300.jpeg 239w\" sizes=\"auto, (max-width: 720px) 100vw, 720px\" \/><\/figure>\n\n\n\n<p>Minnesota, Estados Unidos \u2014 Un ni\u00f1o de cinco a\u00f1os identificado como Liam Ramos fue detenido por agentes del Servicio de Inmigraci\u00f3n y Control de Aduanas (ICE, por sus siglas en ingl\u00e9s) junto a su padre, en un hecho que ha generado preocupaci\u00f3n y cuestionamientos por parte de autoridades educativas y organizaciones comunitarias.<br>Seg\u00fan inform\u00f3 el centro educativo al que asiste el menor, los agentes se presentaron en la vivienda familiar justo despu\u00e9s de que el ni\u00f1o regresara del colegio. De acuerdo con el relato de la instituci\u00f3n, el menor habr\u00eda sido utilizado como se\u00f1uelo para que se abriera la puerta del domicilio, lo que permiti\u00f3 el ingreso de los agentes, quienes buscaban verificar si hab\u00eda m\u00e1s personas en el interior.<br>\u201c\u00bfPor qu\u00e9 detener a un ni\u00f1o de cinco a\u00f1os? No pueden decirme que este ni\u00f1o vaya a ser considerado un delincuente violento\u201d, expres\u00f3 la directora del centro educativo, Zena Stenvik, al cuestionar el procedimiento. La escuela tambi\u00e9n dio a conocer registros audiovisuales del hecho.<br>Un caso similar fue reportado dos semanas antes, cuando una estudiante de 10 a\u00f1os fue interceptada por agentes migratorios mientras se dirig\u00eda a su escuela primaria junto a su madre. Durante el operativo, la menor logr\u00f3 comunicarse con su padre para informarle que estaba siendo trasladada por personal del ICE. Posteriormente, el padre confirm\u00f3 que tanto la ni\u00f1a como su esposa hab\u00edan sido detenidas.<br>De acuerdo con informaci\u00f3n proporcionada por los centros educativos, las familias involucradas permanecen recluidas en un centro de detenci\u00f3n en el estado de Texas. Adem\u00e1s, se\u00f1alaron que la familia de Liam Ramos cumple con los requisitos legales en Estados Unidos y mantiene un proceso de asilo en curso, sin que exista una orden de deportaci\u00f3n vigente.<br>Las autoridades escolares manifestaron su preocupaci\u00f3n por el impacto emocional que estos procedimientos generan en los menores y advirtieron que situaciones similares estar\u00edan afectando a estudiantes en distintos puntos del estado de Minnesota. Asimismo, solicitaron mayor claridad sobre los criterios utilizados en este tipo de operativos y el respeto a los derechos de los ni\u00f1os.<\/p>\n\n\n\n<p>Tras informar la BBC, que el ICE hab\u00eda detenido a ni\u00f1o de 5 a\u00f1os y a su padre, el Servicio de Control de Inmigraci\u00f3n y Aduanas, afirma que es mentira y manda comunicado.<\/p>\n\n\n\n<p>\u00abTodo lo que hace la BBC es mentir.\u00bb<\/p>\n\n\n\n<p>\u00abEl ICE no utiliz\u00f3, ni ha utilizado jam\u00e1s, a \u201cun ni\u00f1o como cebo\u201d. El ni\u00f1o fue ABANDONADO.\u00bb<\/p>\n\n\n\n<p>\u00abEl 20 de enero, el ICE llev\u00f3 a cabo una operaci\u00f3n dirigida para arrestar a Adrian Alexander Conejo Arias, un inmigrante ilegal de Ecuador que fue LIBERADO en Estados Unidos por la administraci\u00f3n Biden.\u00bb<\/p>\n\n\n\n<p>\u00abCuando los agentes se acercaron al conductor, Adrian Alexander Conejo Arias huy\u00f3 a pie, abandonando a su hijo. Por la seguridad del menor, uno de nuestros agentes del ICE permaneci\u00f3 con el ni\u00f1o mientras los otros agentes deten\u00edan a Conejo Arias.\u00bb<\/p>\n\n\n\n<p>\u00abLos padres pueden hacerse cargo de su salida y recibir un vuelo gratuito y $2,600 d\u00f3lares utilizando la aplicaci\u00f3n CBP Home.\u00bb<\/p>\n\n\n\n<figure class=\"wp-block-image size-large\"><img loading=\"lazy\" decoding=\"async\" width=\"885\" height=\"1024\" src=\"https:\/\/elmetidosv.com\/wp-content\/uploads\/2026\/01\/3-4-885x1024.jpeg\" alt=\"\" class=\"wp-image-22193\" srcset=\"https:\/\/elmetidosv.com\/wp-content\/uploads\/2026\/01\/3-4-885x1024.jpeg 885w, https:\/\/elmetidosv.com\/wp-content\/uploads\/2026\/01\/3-4-259x300.jpeg 259w, https:\/\/elmetidosv.com\/wp-content\/uploads\/2026\/01\/3-4-768x889.jpeg 768w, https:\/\/elmetidosv.com\/wp-content\/uploads\/2026\/01\/3-4.jpeg 1080w\" sizes=\"auto, (max-width: 885px) 100vw, 885px\" \/><\/figure>\n","protected":false},"excerpt":{"rendered":"<p>Minnesota, Estados Unidos \u2014 Un ni\u00f1o de cinco a\u00f1os identificado como Liam Ramos fue detenido por agentes del Servicio de<\/p>\n","protected":false},"author":2,"featured_media":22191,"comment_status":"closed","ping_status":"closed","sticky":false,"template":"","format":"standard","meta":{"colormag_page_container_layout":"default_layout","colormag_page_sidebar_layout":"default_layout","footnotes":""},"categories":[3],"tags":[1231,1225,1232,1229,909,1221,81,1227,14,1228,1226,1230,1223,1222,46,29,1224],"class_list":["post-22190","post","type-post","status-publish","format-standard","has-post-thumbnail","hentry","category-internacional","tag-asilo","tag-centros-de-detencion","tag-comunidad-migrante","tag-derechos-de-los-migrantes","tag-derechos-humanos","tag-detencion-de-menores","tag-educacion","tag-estudiantes-migrantes-tags-estados-unidos","tag-ice","tag-inmigracion","tag-inmigracion-en-estados-unidos","tag-menores-detenidos","tag-minnesota","tag-nino-detenido","tag-noticias-el-salvador","tag-noticias-internacionales","tag-proceso-de-asilo"],"_links":{"self":[{"href":"https:\/\/elmetidosv.com\/index.php?rest_route=\/wp\/v2\/posts\/22190","targetHints":{"allow":["GET"]}}],"collection":[{"href":"https:\/\/elmetidosv.com\/index.php?rest_route=\/wp\/v2\/posts"}],"about":[{"href":"https:\/\/elmetidosv.com\/index.php?rest_route=\/wp\/v2\/types\/post"}],"author":[{"embeddable":true,"href":"https:\/\/elmetidosv.com\/index.php?rest_route=\/wp\/v2\/users\/2"}],"replies":[{"embeddable":true,"href":"https:\/\/elmetidosv.com\/index.php?rest_route=%2Fwp%2Fv2%2Fcomments&post=22190"}],"version-history":[{"count":2,"href":"https:\/\/elmetidosv.com\/index.php?rest_route=\/wp\/v2\/posts\/22190\/revisions"}],"predecessor-version":[{"id":22195,"href":"https:\/\/elmetidosv.com\/index.php?rest_route=\/wp\/v2\/posts\/22190\/revisions\/22195"}],"wp:featuredmedia":[{"embeddable":true,"href":"https:\/\/elmetidosv.com\/index.php?rest_route=\/wp\/v2\/media\/22191"}],"wp:attachment":[{"href":"https:\/\/elmetidosv.com\/index.php?rest_route=%2Fwp%2Fv2%2Fmedia&parent=22190"}],"wp:term":[{"taxonomy":"category","embeddable":true,"href":"https:\/\/elmetidosv.com\/index.php?rest_route=%2Fwp%2Fv2%2Fcategories&post=22190"},{"taxonomy":"post_tag","embeddable":true,"href":"https:\/\/elmetidosv.com\/index.php?rest_route=%2Fwp%2Fv2%2Ftags&post=22190"}],"curies":[{"name":"wp","href":"https:\/\/api.w.org\/{rel}","templated":true}]}}