{"id":2218,"date":"2020-05-02T15:58:44","date_gmt":"2020-05-02T21:58:44","guid":{"rendered":"http:\/\/elmetidosve.com\/?p=2218"},"modified":"2020-05-02T15:58:51","modified_gmt":"2020-05-02T21:58:51","slug":"ministro-de-salud-preve-que-las-proximas-dos-semanas-seran-las-de-mayor-transmision","status":"publish","type":"post","link":"https:\/\/elmetidosv.com\/?p=2218","title":{"rendered":"Ministro de Salud prev\u00e9 que \u201clas pr\u00f3ximas dos semanas ser\u00e1n las de mayor transmisi\u00f3n\u201d"},"content":{"rendered":"\n<p>El Gobierno del Presidente Nayib Bukele contin\u00faa haciendo el llamado a la poblaci\u00f3n para que acate la cuarentena domiciliar y as\u00ed evitar una escalada de contagios del COVID-19.<\/p>\n\n\n\n<p>\u201cEstas dos semanas ser\u00e1n d\u00edas en que mayor transmisi\u00f3n de la enfermedad puede haber\u201d. As\u00ed lo asegur\u00f3 el ministro de Salud, Francisco Alab\u00ed, quien enfatiz\u00f3 que se deben reforzar las medidas de prevenci\u00f3n y distanciamiento f\u00edsico durante una entrevista televisiva.<\/p>\n\n\n\n<p>El ministro record\u00f3 a la poblaci\u00f3n que para evitar el contagio es imprescindible el lavado adecuado de manos con agua y jab\u00f3n, evitar tocarse la cara, ojos, nariz o boca y el uso de la mascarilla. \u201cCon las mascarillas se reduce el riesgo de dos formas, se evita contagiar y se evita el adquirir la enfermedad\u201d, sostuvo el funcionario.<\/p>\n\n\n\n<p>El titular de Salud tambi\u00e9n resalt\u00f3 la importancia de continuar la cuarentena para frenar la l\u00ednea de contagio, \u201cLa cuarentena est\u00e1 destinada a un contener el virus durante el per\u00edodo de incubaci\u00f3n, por ello la importancia de cumplirla\u201d, sostuvo.<\/p>\n\n\n\n<p>Adem\u00e1s, el funcionario explic\u00f3 lo que la Organizaci\u00f3n Mundial de la Salud revel\u00f3 acerca de que el COVID-19 se convertir\u00e1 en una enfermedad end\u00e9mica, es decir, que no ser\u00e1 erradicada y se mantendr\u00e1 en el mundo como la gripe, sin embargo, asegur\u00f3 que la poblaci\u00f3n desarrollar\u00e1 cierta inmunidad que evitar\u00e1 la intensidad de la enfermedad y adem\u00e1s el desarrollo de una vacuna permitir\u00e1 la coexistencia de las personas con el virus.<\/p>\n","protected":false},"excerpt":{"rendered":"<p>El Gobierno del Presidente Nayib Bukele contin\u00faa haciendo el llamado a la poblaci\u00f3n para que acate la cuarentena domiciliar y<\/p>\n","protected":false},"author":1,"featured_media":2219,"comment_status":"open","ping_status":"open","sticky":false,"template":"","format":"standard","meta":{"colormag_page_container_layout":"default_layout","colormag_page_sidebar_layout":"default_layout","footnotes":""},"categories":[1],"tags":[],"class_list":["post-2218","post","type-post","status-publish","format-standard","has-post-thumbnail","hentry","category-nacional"],"_links":{"self":[{"href":"https:\/\/elmetidosv.com\/index.php?rest_route=\/wp\/v2\/posts\/2218","targetHints":{"allow":["GET"]}}],"collection":[{"href":"https:\/\/elmetidosv.com\/index.php?rest_route=\/wp\/v2\/posts"}],"about":[{"href":"https:\/\/elmetidosv.com\/index.php?rest_route=\/wp\/v2\/types\/post"}],"author":[{"embeddable":true,"href":"https:\/\/elmetidosv.com\/index.php?rest_route=\/wp\/v2\/users\/1"}],"replies":[{"embeddable":true,"href":"https:\/\/elmetidosv.com\/index.php?rest_route=%2Fwp%2Fv2%2Fcomments&post=2218"}],"version-history":[{"count":1,"href":"https:\/\/elmetidosv.com\/index.php?rest_route=\/wp\/v2\/posts\/2218\/revisions"}],"predecessor-version":[{"id":2220,"href":"https:\/\/elmetidosv.com\/index.php?rest_route=\/wp\/v2\/posts\/2218\/revisions\/2220"}],"wp:featuredmedia":[{"embeddable":true,"href":"https:\/\/elmetidosv.com\/index.php?rest_route=\/wp\/v2\/media\/2219"}],"wp:attachment":[{"href":"https:\/\/elmetidosv.com\/index.php?rest_route=%2Fwp%2Fv2%2Fmedia&parent=2218"}],"wp:term":[{"taxonomy":"category","embeddable":true,"href":"https:\/\/elmetidosv.com\/index.php?rest_route=%2Fwp%2Fv2%2Fcategories&post=2218"},{"taxonomy":"post_tag","embeddable":true,"href":"https:\/\/elmetidosv.com\/index.php?rest_route=%2Fwp%2Fv2%2Ftags&post=2218"}],"curies":[{"name":"wp","href":"https:\/\/api.w.org\/{rel}","templated":true}]}}