{"id":22155,"date":"2026-01-22T10:52:04","date_gmt":"2026-01-22T16:52:04","guid":{"rendered":"https:\/\/elmetidosv.com\/?p=22155"},"modified":"2026-01-22T10:52:04","modified_gmt":"2026-01-22T16:52:04","slug":"fgr-logra-primera-condena-en-ausencia-contra-profugo-por-movilizar-mas-de-652-mil-de-origen-ilicito","status":"publish","type":"post","link":"https:\/\/elmetidosv.com\/?p=22155","title":{"rendered":"FGR LOGRA PRIMERA CONDENA EN AUSENCIA CONTRA PR\u00d3FUGO POR MOVILIZAR M\u00c1S DE $652 MIL DE ORIGEN IL\u00cdCITO"},"content":{"rendered":"\n<figure class=\"wp-block-image size-large is-resized\"><img loading=\"lazy\" decoding=\"async\" width=\"676\" height=\"1024\" src=\"https:\/\/elmetidosv.com\/wp-content\/uploads\/2026\/01\/fgr-2-1-676x1024.jpeg\" alt=\"\" class=\"wp-image-22157\" style=\"width:760px;height:auto\" srcset=\"https:\/\/elmetidosv.com\/wp-content\/uploads\/2026\/01\/fgr-2-1-676x1024.jpeg 676w, https:\/\/elmetidosv.com\/wp-content\/uploads\/2026\/01\/fgr-2-1-198x300.jpeg 198w, https:\/\/elmetidosv.com\/wp-content\/uploads\/2026\/01\/fgr-2-1-768x1164.jpeg 768w, https:\/\/elmetidosv.com\/wp-content\/uploads\/2026\/01\/fgr-2-1-1014x1536.jpeg 1014w, https:\/\/elmetidosv.com\/wp-content\/uploads\/2026\/01\/fgr-2-1.jpeg 1056w\" sizes=\"auto, (max-width: 676px) 100vw, 676px\" \/><\/figure>\n\n\n\n<p><strong>San Salvador, El Salvador.<\/strong><br>La Fiscal\u00eda General de la Rep\u00fablica (FGR) inform\u00f3 que ha obtenido una <strong>primera condena en ausencia<\/strong> contra <strong>Moris Alexander Berci\u00e1n Manch\u00f3n<\/strong>, acusado de movilizar de manera ilegal <strong>$652,085.93<\/strong>, fondos que, seg\u00fan las investigaciones, provienen de actividades il\u00edcitas vinculadas a estructuras criminales, entre ellas narcotr\u00e1fico, homicidios, extorsiones y otros delitos.<\/p>\n\n\n\n<p>De acuerdo con el informe fiscal, Berci\u00e1n Manch\u00f3n adquiri\u00f3 <strong>21 inmuebles y 8 veh\u00edculos<\/strong> sin contar con documentaci\u00f3n legal que justificara el origen de los recursos utilizados para dichas compras. Las autoridades se\u00f1alaron que el imputado habr\u00eda utilizado influencias y mecanismos financieros para introducir estos bienes al sistema econ\u00f3mico formal, con el objetivo de ocultar su procedencia il\u00edcita.<\/p>\n\n\n\n<p>La FGR detall\u00f3 que el imputado se encuentra <strong>pr\u00f3fugo de la justicia<\/strong> y que, adem\u00e1s de esta condena, enfrenta otros procesos penales relacionados con <strong>narcotr\u00e1fico y agrupaciones il\u00edcitas<\/strong>, los cuales podr\u00edan derivar en nuevas sentencias conforme avancen los procedimientos judiciales.<\/p>\n\n\n\n<p>El caso fue resuelto bajo el marco de las <strong>reformas al C\u00f3digo Procesal Penal<\/strong>, que permiten juzgar y condenar en ausencia a personas que evaden de forma deliberada la acci\u00f3n de la justicia, especialmente en delitos de alto impacto.<\/p>\n\n\n\n<p>Las autoridades reiteraron que contin\u00faan los esfuerzos para <strong>localizar y capturar<\/strong> a Berci\u00e1n Manch\u00f3n, con el fin de que responda ante los tribunales salvadore\u00f1os y se garantice el cumplimiento de la condena impuesta.<\/p>\n\n\n\n<figure class=\"wp-block-image size-large\"><img loading=\"lazy\" decoding=\"async\" width=\"1024\" height=\"729\" src=\"https:\/\/elmetidosv.com\/wp-content\/uploads\/2026\/01\/fiscalia-3-1024x729.jpeg\" alt=\"\" class=\"wp-image-22158\" srcset=\"https:\/\/elmetidosv.com\/wp-content\/uploads\/2026\/01\/fiscalia-3-1024x729.jpeg 1024w, https:\/\/elmetidosv.com\/wp-content\/uploads\/2026\/01\/fiscalia-3-300x213.jpeg 300w, https:\/\/elmetidosv.com\/wp-content\/uploads\/2026\/01\/fiscalia-3-768x546.jpeg 768w, https:\/\/elmetidosv.com\/wp-content\/uploads\/2026\/01\/fiscalia-3-1536x1093.jpeg 1536w, https:\/\/elmetidosv.com\/wp-content\/uploads\/2026\/01\/fiscalia-3.jpeg 2048w\" sizes=\"auto, (max-width: 1024px) 100vw, 1024px\" \/><\/figure>\n","protected":false},"excerpt":{"rendered":"<p>San Salvador, El Salvador.La Fiscal\u00eda General de la Rep\u00fablica (FGR) inform\u00f3 que ha obtenido una primera condena en ausencia contra<\/p>\n","protected":false},"author":2,"featured_media":22156,"comment_status":"closed","ping_status":"","sticky":false,"template":"","format":"standard","meta":{"colormag_page_container_layout":"default_layout","colormag_page_sidebar_layout":"default_layout","footnotes":""},"categories":[1],"tags":[140,429,1160,1159,450,1165,363,1052,82,1158,1164,594,1162,1161,1163,93,528,41],"class_list":["post-22155","post","type-post","status-publish","format-standard","has-post-thumbnail","hentry","category-nacional","tag-actualidad","tag-agrupaciones-ilicitas","tag-bienes-de-origen-ilicito","tag-condena-en-ausencia","tag-crimen-organizado","tag-crimen-organizado-tags-el-salvador","tag-fgr","tag-fgr-el-salvador","tag-justicia","tag-lavado-de-dinero","tag-movilizacion-de-dinero-ilicito","tag-narcotrafico","tag-narcotrafico-el-salvador","tag-profugo-de-la-justicia","tag-reformas-codigo-procesal-penal","tag-seguridad","tag-sucesos","tag-tribunales"],"_links":{"self":[{"href":"https:\/\/elmetidosv.com\/index.php?rest_route=\/wp\/v2\/posts\/22155","targetHints":{"allow":["GET"]}}],"collection":[{"href":"https:\/\/elmetidosv.com\/index.php?rest_route=\/wp\/v2\/posts"}],"about":[{"href":"https:\/\/elmetidosv.com\/index.php?rest_route=\/wp\/v2\/types\/post"}],"author":[{"embeddable":true,"href":"https:\/\/elmetidosv.com\/index.php?rest_route=\/wp\/v2\/users\/2"}],"replies":[{"embeddable":true,"href":"https:\/\/elmetidosv.com\/index.php?rest_route=%2Fwp%2Fv2%2Fcomments&post=22155"}],"version-history":[{"count":1,"href":"https:\/\/elmetidosv.com\/index.php?rest_route=\/wp\/v2\/posts\/22155\/revisions"}],"predecessor-version":[{"id":22159,"href":"https:\/\/elmetidosv.com\/index.php?rest_route=\/wp\/v2\/posts\/22155\/revisions\/22159"}],"wp:featuredmedia":[{"embeddable":true,"href":"https:\/\/elmetidosv.com\/index.php?rest_route=\/wp\/v2\/media\/22156"}],"wp:attachment":[{"href":"https:\/\/elmetidosv.com\/index.php?rest_route=%2Fwp%2Fv2%2Fmedia&parent=22155"}],"wp:term":[{"taxonomy":"category","embeddable":true,"href":"https:\/\/elmetidosv.com\/index.php?rest_route=%2Fwp%2Fv2%2Fcategories&post=22155"},{"taxonomy":"post_tag","embeddable":true,"href":"https:\/\/elmetidosv.com\/index.php?rest_route=%2Fwp%2Fv2%2Ftags&post=22155"}],"curies":[{"name":"wp","href":"https:\/\/api.w.org\/{rel}","templated":true}]}}