{"id":22095,"date":"2026-01-20T10:02:53","date_gmt":"2026-01-20T16:02:53","guid":{"rendered":"https:\/\/elmetidosv.com\/?p=22095"},"modified":"2026-01-20T10:02:53","modified_gmt":"2026-01-20T16:02:53","slug":"condenan-a-16-anos-de-prision-a-sujeto-por-extorsion-en-colon-la-libertad-oeste","status":"publish","type":"post","link":"https:\/\/elmetidosv.com\/?p=22095","title":{"rendered":"CONDENAN A 16 A\u00d1OS DE PRISI\u00d3N A SUJETO POR EXTORSI\u00d3N EN COL\u00d3N, LA LIBERTAD OESTE"},"content":{"rendered":"\n<p><strong>CONDENAN A 16 A\u00d1OS DE PRISI\u00d3N A SUJETO POR EXTORSI\u00d3N EN COL\u00d3N, LA LIBERTAD OESTE<\/strong><\/p>\n\n\n\n<p><strong>Santa Tecla, La Libertad, El Salvador.<\/strong> \u2014 <strong>Santiago Gerardo Escamilla<\/strong> fue <strong>condenado a 16 a\u00f1os de prisi\u00f3n<\/strong> por el delito de <strong>extorsi\u00f3n<\/strong> en perjuicio de una v\u00edctima del distrito de <strong>Col\u00f3n<\/strong>, en <strong>La Libertad Oeste<\/strong>, informaron fuentes judiciales.<\/p>\n\n\n\n<p>De acuerdo con el proceso, Escamilla <strong>amenaz\u00f3 a la v\u00edctima mediante mensajes de texto<\/strong>, exigi\u00e9ndole el pago de la denominada <strong>\u201crenta\u201d<\/strong> bajo advertencias de atentar contra su vida si no cumpl\u00eda con la exigencia. Tras recibir las amenazas, la persona afectada <strong>interpuso la denuncia<\/strong>, lo que permiti\u00f3 a las autoridades <strong>identificar y capturar al imputado<\/strong>.<\/p>\n\n\n\n<p>La <strong>sentencia condenatoria<\/strong> fue impuesta por el <strong>Tribunal Segundo de Sentencia de Santa Tecla<\/strong>, luego de valorar las pruebas presentadas por la acusaci\u00f3n.<\/p>\n\n\n\n<p>Las autoridades reiteraron el llamado a la poblaci\u00f3n a <strong>denunciar los hechos de extorsi\u00f3n<\/strong>, destacando que la colaboraci\u00f3n ciudadana es clave para <strong>combatir este delito<\/strong> y llevar a los responsables ante la justicia.<\/p>\n\n\n\n<figure class=\"wp-block-image size-large is-resized\"><img loading=\"lazy\" decoding=\"async\" width=\"676\" height=\"1024\" src=\"https:\/\/elmetidosv.com\/wp-content\/uploads\/2026\/01\/extorsionista-1-676x1024.jpeg\" alt=\"\" class=\"wp-image-22097\" style=\"width:760px;height:auto\" srcset=\"https:\/\/elmetidosv.com\/wp-content\/uploads\/2026\/01\/extorsionista-1-676x1024.jpeg 676w, https:\/\/elmetidosv.com\/wp-content\/uploads\/2026\/01\/extorsionista-1-198x300.jpeg 198w, https:\/\/elmetidosv.com\/wp-content\/uploads\/2026\/01\/extorsionista-1-768x1164.jpeg 768w, https:\/\/elmetidosv.com\/wp-content\/uploads\/2026\/01\/extorsionista-1-1014x1536.jpeg 1014w, https:\/\/elmetidosv.com\/wp-content\/uploads\/2026\/01\/extorsionista-1.jpeg 1056w\" sizes=\"auto, (max-width: 676px) 100vw, 676px\" \/><\/figure>\n","protected":false},"excerpt":{"rendered":"<p>CONDENAN A 16 A\u00d1OS DE PRISI\u00d3N A SUJETO POR EXTORSI\u00d3N EN COL\u00d3N, LA LIBERTAD OESTE Santa Tecla, La Libertad, El<\/p>\n","protected":false},"author":2,"featured_media":22096,"comment_status":"closed","ping_status":"","sticky":false,"template":"","format":"standard","meta":{"colormag_page_container_layout":"default_layout","colormag_page_sidebar_layout":"default_layout","footnotes":""},"categories":[1],"tags":[801,1083,364,1081,366,82,115,1082,1084,832,201,444,93,45,1085,41],"class_list":["post-22095","post","type-post","status-publish","format-standard","has-post-thumbnail","hentry","category-nacional","tag-amenazas","tag-colon","tag-condena","tag-condena-por-extorsion","tag-extorsion","tag-justicia","tag-la-libertad","tag-la-libertad-oeste","tag-mensajes-de-texto","tag-noticias-el-salvador-tags-el-salvador","tag-noticias-nacionales","tag-santa-tecla","tag-seguridad","tag-seguridad-publica","tag-tribunal-segundo-de-sentencia","tag-tribunales"],"_links":{"self":[{"href":"https:\/\/elmetidosv.com\/index.php?rest_route=\/wp\/v2\/posts\/22095","targetHints":{"allow":["GET"]}}],"collection":[{"href":"https:\/\/elmetidosv.com\/index.php?rest_route=\/wp\/v2\/posts"}],"about":[{"href":"https:\/\/elmetidosv.com\/index.php?rest_route=\/wp\/v2\/types\/post"}],"author":[{"embeddable":true,"href":"https:\/\/elmetidosv.com\/index.php?rest_route=\/wp\/v2\/users\/2"}],"replies":[{"embeddable":true,"href":"https:\/\/elmetidosv.com\/index.php?rest_route=%2Fwp%2Fv2%2Fcomments&post=22095"}],"version-history":[{"count":1,"href":"https:\/\/elmetidosv.com\/index.php?rest_route=\/wp\/v2\/posts\/22095\/revisions"}],"predecessor-version":[{"id":22098,"href":"https:\/\/elmetidosv.com\/index.php?rest_route=\/wp\/v2\/posts\/22095\/revisions\/22098"}],"wp:featuredmedia":[{"embeddable":true,"href":"https:\/\/elmetidosv.com\/index.php?rest_route=\/wp\/v2\/media\/22096"}],"wp:attachment":[{"href":"https:\/\/elmetidosv.com\/index.php?rest_route=%2Fwp%2Fv2%2Fmedia&parent=22095"}],"wp:term":[{"taxonomy":"category","embeddable":true,"href":"https:\/\/elmetidosv.com\/index.php?rest_route=%2Fwp%2Fv2%2Fcategories&post=22095"},{"taxonomy":"post_tag","embeddable":true,"href":"https:\/\/elmetidosv.com\/index.php?rest_route=%2Fwp%2Fv2%2Ftags&post=22095"}],"curies":[{"name":"wp","href":"https:\/\/api.w.org\/{rel}","templated":true}]}}