{"id":22078,"date":"2026-01-20T09:28:12","date_gmt":"2026-01-20T15:28:12","guid":{"rendered":"https:\/\/elmetidosv.com\/?p=22078"},"modified":"2026-01-20T09:28:12","modified_gmt":"2026-01-20T15:28:12","slug":"pareja-en-motocicleta-resulta-gravemente-lesionada-tras-colision-con-trailer-en-san-juan-opicola-libertad","status":"publish","type":"post","link":"https:\/\/elmetidosv.com\/?p=22078","title":{"rendered":"PAREJA EN MOTOCICLETA RESULTA GRAVEMENTE LESIONADA TRAS COLISI\u00d3N CON TR\u00c1ILER EN SAN JUAN OP\u00cdCO,LA LIBERTAD"},"content":{"rendered":"\n<figure class=\"wp-block-image size-large\"><img loading=\"lazy\" decoding=\"async\" width=\"1024\" height=\"576\" src=\"https:\/\/elmetidosv.com\/wp-content\/uploads\/2026\/01\/acci-1-2-1024x576.jpeg\" alt=\"\" class=\"wp-image-22080\" srcset=\"https:\/\/elmetidosv.com\/wp-content\/uploads\/2026\/01\/acci-1-2-1024x576.jpeg 1024w, https:\/\/elmetidosv.com\/wp-content\/uploads\/2026\/01\/acci-1-2-300x169.jpeg 300w, https:\/\/elmetidosv.com\/wp-content\/uploads\/2026\/01\/acci-1-2-768x432.jpeg 768w, https:\/\/elmetidosv.com\/wp-content\/uploads\/2026\/01\/acci-1-2-1536x864.jpeg 1536w, https:\/\/elmetidosv.com\/wp-content\/uploads\/2026\/01\/acci-1-2.jpeg 1599w\" sizes=\"auto, (max-width: 1024px) 100vw, 1024px\" \/><\/figure>\n\n\n\n<p><strong>La Libertad, El Salvador.<\/strong> \u2014 Un <strong>hombre y una mujer<\/strong> resultaron <strong>con lesiones de gravedad<\/strong> la noche del martes, luego de que la <strong>motocicleta<\/strong> en la que se desplazaban <strong>colisionara contra un tr\u00e1iler<\/strong> en el <strong>kil\u00f3metro 33.5 de la carretera Panamericana<\/strong>, en las inmediaciones de <strong>Sitio del Ni\u00f1o<\/strong>, distrito de <strong>San Juan Opico<\/strong>, informaron cuerpos de socorro.<\/p>\n\n\n\n<p><strong>Socorristas de Comandos de Salvamento<\/strong> acudieron al lugar y brindaron <strong>atenci\u00f3n prehospitalaria<\/strong> a las v\u00edctimas. Debido a la <strong>severidad de las heridas<\/strong>, ambos fueron <strong>trasladados de emergencia<\/strong> al <strong>Hospital Nacional San Rafael de Santa Tecla<\/strong> para recibir atenci\u00f3n m\u00e9dica especializada.<\/p>\n\n\n\n<p>Hasta el momento, las autoridades <strong>no han brindado detalles oficiales<\/strong> sobre las causas del percance. El incidente provoc\u00f3 <strong>afectaciones moment\u00e1neas al tr\u00e1nsito<\/strong> en la zona mientras se realizaban las labores de asistencia.<\/p>\n\n\n\n<p>El hecho vuelve a <strong>encender las alertas sobre los riesgos<\/strong> en este tramo de la Panamericana, una v\u00eda de <strong>alto flujo vehicular<\/strong>, por lo que se reiter\u00f3 el llamado a <strong>conducir con precauci\u00f3n<\/strong> y respetar las normas de tr\u00e1nsito.<\/p>\n\n\n\n<figure class=\"wp-block-image size-large is-resized\"><img loading=\"lazy\" decoding=\"async\" width=\"576\" height=\"1024\" src=\"https:\/\/elmetidosv.com\/wp-content\/uploads\/2026\/01\/acci-2-2-576x1024.jpeg\" alt=\"\" class=\"wp-image-22081\" style=\"width:760px;height:auto\" srcset=\"https:\/\/elmetidosv.com\/wp-content\/uploads\/2026\/01\/acci-2-2-576x1024.jpeg 576w, https:\/\/elmetidosv.com\/wp-content\/uploads\/2026\/01\/acci-2-2-169x300.jpeg 169w, https:\/\/elmetidosv.com\/wp-content\/uploads\/2026\/01\/acci-2-2.jpeg 720w\" sizes=\"auto, (max-width: 576px) 100vw, 576px\" \/><\/figure>\n","protected":false},"excerpt":{"rendered":"<p>La Libertad, El Salvador. \u2014 Un hombre y una mujer resultaron con lesiones de gravedad la noche del martes, luego<\/p>\n","protected":false},"author":2,"featured_media":22079,"comment_status":"closed","ping_status":"","sticky":false,"template":"","format":"standard","meta":{"colormag_page_container_layout":"default_layout","colormag_page_sidebar_layout":"default_layout","footnotes":""},"categories":[1],"tags":[110,427,111,117,833,121,1065,115,1064,124,832,201,922,1062,1060,122,1061,1063],"class_list":["post-22078","post","type-post","status-publish","format-standard","has-post-thumbnail","hentry","category-nacional","tag-accidente-de-transito","tag-accidentes-de-transito","tag-carretera-panamericana","tag-comandos-de-salvamento","tag-emergencia-vial","tag-emergencias","tag-hospital-san-rafael","tag-la-libertad","tag-motocicleta","tag-motociclistas","tag-noticias-el-salvador-tags-el-salvador","tag-noticias-nacionales","tag-panamericana","tag-pareja-lesionada","tag-san-juan-opico","tag-seguridad-vial","tag-sitio-del-nino","tag-trailer"],"_links":{"self":[{"href":"https:\/\/elmetidosv.com\/index.php?rest_route=\/wp\/v2\/posts\/22078","targetHints":{"allow":["GET"]}}],"collection":[{"href":"https:\/\/elmetidosv.com\/index.php?rest_route=\/wp\/v2\/posts"}],"about":[{"href":"https:\/\/elmetidosv.com\/index.php?rest_route=\/wp\/v2\/types\/post"}],"author":[{"embeddable":true,"href":"https:\/\/elmetidosv.com\/index.php?rest_route=\/wp\/v2\/users\/2"}],"replies":[{"embeddable":true,"href":"https:\/\/elmetidosv.com\/index.php?rest_route=%2Fwp%2Fv2%2Fcomments&post=22078"}],"version-history":[{"count":1,"href":"https:\/\/elmetidosv.com\/index.php?rest_route=\/wp\/v2\/posts\/22078\/revisions"}],"predecessor-version":[{"id":22082,"href":"https:\/\/elmetidosv.com\/index.php?rest_route=\/wp\/v2\/posts\/22078\/revisions\/22082"}],"wp:featuredmedia":[{"embeddable":true,"href":"https:\/\/elmetidosv.com\/index.php?rest_route=\/wp\/v2\/media\/22079"}],"wp:attachment":[{"href":"https:\/\/elmetidosv.com\/index.php?rest_route=%2Fwp%2Fv2%2Fmedia&parent=22078"}],"wp:term":[{"taxonomy":"category","embeddable":true,"href":"https:\/\/elmetidosv.com\/index.php?rest_route=%2Fwp%2Fv2%2Fcategories&post=22078"},{"taxonomy":"post_tag","embeddable":true,"href":"https:\/\/elmetidosv.com\/index.php?rest_route=%2Fwp%2Fv2%2Ftags&post=22078"}],"curies":[{"name":"wp","href":"https:\/\/api.w.org\/{rel}","templated":true}]}}