{"id":21939,"date":"2026-01-17T14:26:55","date_gmt":"2026-01-17T20:26:55","guid":{"rendered":"https:\/\/elmetidosv.com\/?p=21939"},"modified":"2026-01-17T14:26:55","modified_gmt":"2026-01-17T20:26:55","slug":"fallecieron-dos-salvadorenos-en-accidente-vial-habian-llegado-al-pais-de-vacaciones","status":"publish","type":"post","link":"https:\/\/elmetidosv.com\/?p=21939","title":{"rendered":"FALLECIERON DOS SALVADORE\u00d1OS EN ACCIDENTE VIAL; HAB\u00cdAN LLEGADO AL PA\u00cdS DE VACACIONES"},"content":{"rendered":"\n<figure class=\"wp-block-image size-large\"><img loading=\"lazy\" decoding=\"async\" width=\"819\" height=\"1024\" src=\"https:\/\/elmetidosv.com\/wp-content\/uploads\/2026\/01\/11-819x1024.jpg\" alt=\"\" class=\"wp-image-21941\" srcset=\"https:\/\/elmetidosv.com\/wp-content\/uploads\/2026\/01\/11-819x1024.jpg 819w, https:\/\/elmetidosv.com\/wp-content\/uploads\/2026\/01\/11-240x300.jpg 240w, https:\/\/elmetidosv.com\/wp-content\/uploads\/2026\/01\/11-768x960.jpg 768w, https:\/\/elmetidosv.com\/wp-content\/uploads\/2026\/01\/11.jpg 920w\" sizes=\"auto, (max-width: 819px) 100vw, 819px\" \/><\/figure>\n\n\n\n<p><strong>San Vicente Sur, El Salvador.<\/strong> \u2014 Dos personas perdieron la vida la noche del viernes en un accidente de tr\u00e1nsito registrado en el <strong>kil\u00f3metro 72 de la carretera del Litoral<\/strong>, en el distrito de <strong>Tecoluca<\/strong>, departamento de <strong>San Vicente Sur<\/strong>, informaron fuentes oficiales.<\/p>\n\n\n\n<figure class=\"wp-block-image size-large\"><img loading=\"lazy\" decoding=\"async\" width=\"819\" height=\"1024\" src=\"https:\/\/elmetidosv.com\/wp-content\/uploads\/2026\/01\/12-819x1024.jpg\" alt=\"\" class=\"wp-image-21942\" srcset=\"https:\/\/elmetidosv.com\/wp-content\/uploads\/2026\/01\/12-819x1024.jpg 819w, https:\/\/elmetidosv.com\/wp-content\/uploads\/2026\/01\/12-240x300.jpg 240w, https:\/\/elmetidosv.com\/wp-content\/uploads\/2026\/01\/12-768x960.jpg 768w, https:\/\/elmetidosv.com\/wp-content\/uploads\/2026\/01\/12.jpg 872w\" sizes=\"auto, (max-width: 819px) 100vw, 819px\" \/><\/figure>\n\n\n\n<p>Las v\u00edctimas fueron identificadas como <strong>Miguel \u00c1ngel Rivera<\/strong> y <strong>Ana Elizabeth Amaya<\/strong>, ambos de <strong>60 a\u00f1os<\/strong>. De acuerdo con la informaci\u00f3n disponible, eran <strong>originarios de San Salvador<\/strong>, resid\u00edan en <strong>Estados Unidos<\/strong> y se encontraban en <strong>El Salvador de vacaciones<\/strong> al momento del percance.<\/p>\n\n\n\n<p>Seg\u00fan el reporte preliminar, la pareja se desplazaba en un <strong>veh\u00edculo tipo sed\u00e1n<\/strong> cuando, de manera <strong>presunta<\/strong>, intent\u00f3 sobrepasar a otro automotor y <strong>colision\u00f3 de frente contra un cabezal<\/strong>. En el hecho tambi\u00e9n se vio <strong>involucrada una rastra ca\u00f1era<\/strong>.<\/p>\n\n\n\n<p>Las autoridades realizaron las diligencias correspondientes para determinar con precisi\u00f3n las <strong>circunstancias del accidente<\/strong>, mientras equipos de emergencia atend\u00edan la escena y regulaban el tr\u00e1nsito en la zona. Hasta el cierre de esta nota, no se brindaron detalles adicionales sobre personas lesionadas ni sobre responsabilidades.<\/p>\n\n\n\n<figure class=\"wp-block-image size-large\"><img loading=\"lazy\" decoding=\"async\" width=\"820\" height=\"1024\" src=\"https:\/\/elmetidosv.com\/wp-content\/uploads\/2026\/01\/14-820x1024.jpg\" alt=\"\" class=\"wp-image-21943\" srcset=\"https:\/\/elmetidosv.com\/wp-content\/uploads\/2026\/01\/14-820x1024.jpg 820w, https:\/\/elmetidosv.com\/wp-content\/uploads\/2026\/01\/14-240x300.jpg 240w, https:\/\/elmetidosv.com\/wp-content\/uploads\/2026\/01\/14-768x960.jpg 768w, https:\/\/elmetidosv.com\/wp-content\/uploads\/2026\/01\/14.jpg 970w\" sizes=\"auto, (max-width: 820px) 100vw, 820px\" \/><\/figure>\n","protected":false},"excerpt":{"rendered":"<p>San Vicente Sur, El Salvador. \u2014 Dos personas perdieron la vida la noche del viernes en un accidente de tr\u00e1nsito<\/p>\n","protected":false},"author":2,"featured_media":21940,"comment_status":"closed","ping_status":"","sticky":false,"template":"","format":"standard","meta":{"colormag_page_container_layout":"default_layout","colormag_page_sidebar_layout":"default_layout","footnotes":""},"categories":[1],"tags":[110,427,835,803,121,832,201,836,834,122,635,120,838,837],"class_list":["post-21939","post","type-post","status-publish","format-standard","has-post-thumbnail","hentry","category-nacional","tag-accidente-de-transito","tag-accidentes-de-transito","tag-carretera-del-litoral","tag-colision-vehicular","tag-emergencias","tag-noticias-el-salvador-tags-el-salvador","tag-noticias-nacionales","tag-salvadorenos-fallecidos","tag-san-vicente-sur","tag-seguridad-vial","tag-tecoluca","tag-transito","tag-turismo","tag-vacaciones-en-el-salvador"],"_links":{"self":[{"href":"https:\/\/elmetidosv.com\/index.php?rest_route=\/wp\/v2\/posts\/21939","targetHints":{"allow":["GET"]}}],"collection":[{"href":"https:\/\/elmetidosv.com\/index.php?rest_route=\/wp\/v2\/posts"}],"about":[{"href":"https:\/\/elmetidosv.com\/index.php?rest_route=\/wp\/v2\/types\/post"}],"author":[{"embeddable":true,"href":"https:\/\/elmetidosv.com\/index.php?rest_route=\/wp\/v2\/users\/2"}],"replies":[{"embeddable":true,"href":"https:\/\/elmetidosv.com\/index.php?rest_route=%2Fwp%2Fv2%2Fcomments&post=21939"}],"version-history":[{"count":1,"href":"https:\/\/elmetidosv.com\/index.php?rest_route=\/wp\/v2\/posts\/21939\/revisions"}],"predecessor-version":[{"id":21944,"href":"https:\/\/elmetidosv.com\/index.php?rest_route=\/wp\/v2\/posts\/21939\/revisions\/21944"}],"wp:featuredmedia":[{"embeddable":true,"href":"https:\/\/elmetidosv.com\/index.php?rest_route=\/wp\/v2\/media\/21940"}],"wp:attachment":[{"href":"https:\/\/elmetidosv.com\/index.php?rest_route=%2Fwp%2Fv2%2Fmedia&parent=21939"}],"wp:term":[{"taxonomy":"category","embeddable":true,"href":"https:\/\/elmetidosv.com\/index.php?rest_route=%2Fwp%2Fv2%2Fcategories&post=21939"},{"taxonomy":"post_tag","embeddable":true,"href":"https:\/\/elmetidosv.com\/index.php?rest_route=%2Fwp%2Fv2%2Ftags&post=21939"}],"curies":[{"name":"wp","href":"https:\/\/api.w.org\/{rel}","templated":true}]}}