{"id":21935,"date":"2026-01-17T14:18:35","date_gmt":"2026-01-17T20:18:35","guid":{"rendered":"https:\/\/elmetidosv.com\/?p=21935"},"modified":"2026-01-17T14:33:05","modified_gmt":"2026-01-17T20:33:05","slug":"ingresara-nuevo-periodo-de-vientos-nortes-con-rafagas-de-hasta-80-km-h-en-el-salvador","status":"publish","type":"post","link":"https:\/\/elmetidosv.com\/?p=21935","title":{"rendered":"INGRESAR\u00c1 NUEVO PER\u00cdODO DE VIENTOS NORTES CON R\u00c1FAGAS DE HASTA 80 KM\/H EN EL SALVADOR"},"content":{"rendered":"\n<p><strong>San Salvador, El Salvador.<\/strong> \u2014 A partir de este domingo, El Salvador ser\u00e1 influenciado por un nuevo per\u00edodo de <strong>Vientos Nortes<\/strong>, con r\u00e1fagas que oscilar\u00e1n entre <strong>50 y 80 kil\u00f3metros por hora<\/strong>, siendo m\u00e1s intensas en zonas altas y \u00e1reas expuestas del pa\u00eds, seg\u00fan reportes meteorol\u00f3gicos.<\/p>\n\n\n\n<p>Las condiciones se mantendr\u00e1n durante el <strong>lunes<\/strong>, cuando se prev\u00e9 un <strong>retorno gradual del viento del este y noreste<\/strong>, lo que permitir\u00e1 una disminuci\u00f3n progresiva de la intensidad de las r\u00e1fagas.<\/p>\n\n\n\n<p>Durante este per\u00edodo, el <strong>cielo se mantendr\u00e1 poco a parcialmente nublado<\/strong> y, en general, <strong>no se esperan lluvias significativas<\/strong>. Sin embargo, no se descarta la ocurrencia de <strong>precipitaciones aisladas durante la tarde<\/strong>, especialmente en sectores del <strong>oriente y la zona norte<\/strong> del territorio nacional.<\/p>\n\n\n\n<p>Autoridades recomiendan a la poblaci\u00f3n <strong>tomar precauciones<\/strong>, principalmente en \u00e1reas vulnerables a la ca\u00edda de ramas, vallas publicitarias u objetos livianos, as\u00ed como a conductores que transitan por carreteras expuestas a fuertes r\u00e1fagas de viento.<\/p>\n\n\n\n<figure class=\"wp-block-image size-large\"><img loading=\"lazy\" decoding=\"async\" width=\"820\" height=\"1024\" src=\"https:\/\/elmetidosv.com\/wp-content\/uploads\/2026\/01\/vientos-1-1-820x1024.jpeg\" alt=\"\" class=\"wp-image-21936\" srcset=\"https:\/\/elmetidosv.com\/wp-content\/uploads\/2026\/01\/vientos-1-1-820x1024.jpeg 820w, https:\/\/elmetidosv.com\/wp-content\/uploads\/2026\/01\/vientos-1-1-240x300.jpeg 240w, https:\/\/elmetidosv.com\/wp-content\/uploads\/2026\/01\/vientos-1-1-768x959.jpeg 768w, https:\/\/elmetidosv.com\/wp-content\/uploads\/2026\/01\/vientos-1-1-1230x1536.jpeg 1230w, https:\/\/elmetidosv.com\/wp-content\/uploads\/2026\/01\/vientos-1-1.jpeg 1441w\" sizes=\"auto, (max-width: 820px) 100vw, 820px\" \/><\/figure>\n","protected":false},"excerpt":{"rendered":"<p>San Salvador, El Salvador. \u2014 A partir de este domingo, El Salvador ser\u00e1 influenciado por un nuevo per\u00edodo de Vientos<\/p>\n","protected":false},"author":2,"featured_media":21937,"comment_status":"closed","ping_status":"closed","sticky":false,"template":"","format":"standard","meta":{"colormag_page_container_layout":"default_layout","colormag_page_sidebar_layout":"default_layout","footnotes":""},"categories":[1],"tags":[843,844,297,841,840,845,842,201,60,295,296,839,846,300,411],"class_list":["post-21935","post","type-post","status-publish","format-standard","has-post-thumbnail","hentry","category-nacional","tag-cielo-nublado","tag-clima","tag-clima-el-salvador","tag-condiciones-meteorologicas","tag-lluvias-aisladas","tag-meteorologia","tag-noticias-clima-el-salvador-tags-el-salvador","tag-noticias-nacionales","tag-prevencion","tag-pronostico-del-tiempo","tag-rafagas-de-viento","tag-viento-del-noreste","tag-viento-fuerte","tag-vientos-nortes","tag-zonas-altas"],"_links":{"self":[{"href":"https:\/\/elmetidosv.com\/index.php?rest_route=\/wp\/v2\/posts\/21935","targetHints":{"allow":["GET"]}}],"collection":[{"href":"https:\/\/elmetidosv.com\/index.php?rest_route=\/wp\/v2\/posts"}],"about":[{"href":"https:\/\/elmetidosv.com\/index.php?rest_route=\/wp\/v2\/types\/post"}],"author":[{"embeddable":true,"href":"https:\/\/elmetidosv.com\/index.php?rest_route=\/wp\/v2\/users\/2"}],"replies":[{"embeddable":true,"href":"https:\/\/elmetidosv.com\/index.php?rest_route=%2Fwp%2Fv2%2Fcomments&post=21935"}],"version-history":[{"count":1,"href":"https:\/\/elmetidosv.com\/index.php?rest_route=\/wp\/v2\/posts\/21935\/revisions"}],"predecessor-version":[{"id":21938,"href":"https:\/\/elmetidosv.com\/index.php?rest_route=\/wp\/v2\/posts\/21935\/revisions\/21938"}],"wp:featuredmedia":[{"embeddable":true,"href":"https:\/\/elmetidosv.com\/index.php?rest_route=\/wp\/v2\/media\/21937"}],"wp:attachment":[{"href":"https:\/\/elmetidosv.com\/index.php?rest_route=%2Fwp%2Fv2%2Fmedia&parent=21935"}],"wp:term":[{"taxonomy":"category","embeddable":true,"href":"https:\/\/elmetidosv.com\/index.php?rest_route=%2Fwp%2Fv2%2Fcategories&post=21935"},{"taxonomy":"post_tag","embeddable":true,"href":"https:\/\/elmetidosv.com\/index.php?rest_route=%2Fwp%2Fv2%2Ftags&post=21935"}],"curies":[{"name":"wp","href":"https:\/\/api.w.org\/{rel}","templated":true}]}}