{"id":21900,"date":"2026-01-16T09:05:29","date_gmt":"2026-01-16T15:05:29","guid":{"rendered":"https:\/\/elmetidosv.com\/?p=21900"},"modified":"2026-01-16T09:06:09","modified_gmt":"2026-01-16T15:06:09","slug":"cuerpos-de-socorro-localizan-a-cuatro-personas-extraviadas-en-cerro-el-sarten-apopa","status":"publish","type":"post","link":"https:\/\/elmetidosv.com\/?p=21900","title":{"rendered":"CUERPOS DE SOCORRO LOCALIZAN A CUATRO PERSONAS EXTRAVIADAS EN CERRO EL SART\u00c9N, APOPA"},"content":{"rendered":"\n<figure class=\"wp-block-image size-large\"><img loading=\"lazy\" decoding=\"async\" width=\"1024\" height=\"683\" src=\"https:\/\/elmetidosv.com\/wp-content\/uploads\/2026\/01\/busqueda-3-1024x683.jpeg\" alt=\"\" class=\"wp-image-21901\" srcset=\"https:\/\/elmetidosv.com\/wp-content\/uploads\/2026\/01\/busqueda-3-1024x683.jpeg 1024w, https:\/\/elmetidosv.com\/wp-content\/uploads\/2026\/01\/busqueda-3-300x200.jpeg 300w, https:\/\/elmetidosv.com\/wp-content\/uploads\/2026\/01\/busqueda-3-768x512.jpeg 768w, https:\/\/elmetidosv.com\/wp-content\/uploads\/2026\/01\/busqueda-3-1536x1024.jpeg 1536w, https:\/\/elmetidosv.com\/wp-content\/uploads\/2026\/01\/busqueda-3.jpeg 2048w\" sizes=\"auto, (max-width: 1024px) 100vw, 1024px\" \/><\/figure>\n\n\n\n<p>Apopa, El Salvador.\u2014<br>Equipos de la Cruz Verde Salvadore\u00f1a, en coordinaci\u00f3n con distintas instituciones de primera respuesta, realizaron durante la noche un operativo de b\u00fasqueda y localizaci\u00f3n de cuatro personas reportadas como extraviadas en el cerro El Sart\u00e9n, situado en el distrito de Apopa, San Salvador Oeste, informaron fuentes de socorro.<\/p>\n\n\n\n<p>Las labores se desarrollaron en condiciones de baja visibilidad, lo que oblig\u00f3 a los rescatistas a utilizar equipo especializado y a ejecutar recorridos estrat\u00e9gicos en diferentes puntos del cerro, con el objetivo de dar con el paradero de las personas desaparecidas.<\/p>\n\n\n\n<p>Socorristas de varias instituciones unieron esfuerzos para ampliar el radio de b\u00fasqueda y garantizar la seguridad del operativo. Tras varias horas de trabajo, las cuatro personas fueron localizadas y evacuadas con \u00e9xito del \u00e1rea, sin que se reportaran complicaciones mayores durante el rescate.<\/p>\n\n\n\n<p>Las autoridades reiteraron el llamado a la poblaci\u00f3n a tomar precauciones al realizar actividades en zonas monta\u00f1osas, especialmente durante horas nocturnas, y a informar oportunamente a los cuerpos de socorro ante cualquier situaci\u00f3n de riesgo.<\/p>\n\n\n\n<figure class=\"wp-block-image size-large\"><img loading=\"lazy\" decoding=\"async\" width=\"1024\" height=\"768\" src=\"https:\/\/elmetidosv.com\/wp-content\/uploads\/2026\/01\/busqueda-2-1024x768.jpeg\" alt=\"\" class=\"wp-image-21902\" srcset=\"https:\/\/elmetidosv.com\/wp-content\/uploads\/2026\/01\/busqueda-2-1024x768.jpeg 1024w, https:\/\/elmetidosv.com\/wp-content\/uploads\/2026\/01\/busqueda-2-300x225.jpeg 300w, https:\/\/elmetidosv.com\/wp-content\/uploads\/2026\/01\/busqueda-2-768x576.jpeg 768w, https:\/\/elmetidosv.com\/wp-content\/uploads\/2026\/01\/busqueda-2-1536x1152.jpeg 1536w, https:\/\/elmetidosv.com\/wp-content\/uploads\/2026\/01\/busqueda-2.jpeg 1600w\" sizes=\"auto, (max-width: 1024px) 100vw, 1024px\" \/><\/figure>\n","protected":false},"excerpt":{"rendered":"<p>Apopa, El Salvador.\u2014Equipos de la Cruz Verde Salvadore\u00f1a, en coordinaci\u00f3n con distintas instituciones de primera respuesta, realizaron durante la noche<\/p>\n","protected":false},"author":2,"featured_media":21904,"comment_status":"closed","ping_status":"closed","sticky":false,"template":"","format":"standard","meta":{"colormag_page_container_layout":"default_layout","colormag_page_sidebar_layout":"default_layout","footnotes":""},"categories":[1],"tags":[448,770,769,765,149,555,131,767,121,379,768,66,766,771,673,741],"class_list":["post-21900","post","type-post","status-publish","format-standard","has-post-thumbnail","hentry","category-nacional","tag-apopa","tag-busqueda","tag-busqueda-y-rescate","tag-cerro-el-sarten","tag-cruz-verde","tag-cruz-verde-salvadorena","tag-cuerpos-de-socorro","tag-emergencia-en-el-salvador-tags-el-salvador","tag-emergencias","tag-noticias-locales","tag-personas-extraviadas","tag-proteccion-civil","tag-rescate-nocturno","tag-rescates","tag-san-salvador-oeste","tag-seguridad-ciudadana"],"_links":{"self":[{"href":"https:\/\/elmetidosv.com\/index.php?rest_route=\/wp\/v2\/posts\/21900","targetHints":{"allow":["GET"]}}],"collection":[{"href":"https:\/\/elmetidosv.com\/index.php?rest_route=\/wp\/v2\/posts"}],"about":[{"href":"https:\/\/elmetidosv.com\/index.php?rest_route=\/wp\/v2\/types\/post"}],"author":[{"embeddable":true,"href":"https:\/\/elmetidosv.com\/index.php?rest_route=\/wp\/v2\/users\/2"}],"replies":[{"embeddable":true,"href":"https:\/\/elmetidosv.com\/index.php?rest_route=%2Fwp%2Fv2%2Fcomments&post=21900"}],"version-history":[{"count":1,"href":"https:\/\/elmetidosv.com\/index.php?rest_route=\/wp\/v2\/posts\/21900\/revisions"}],"predecessor-version":[{"id":21903,"href":"https:\/\/elmetidosv.com\/index.php?rest_route=\/wp\/v2\/posts\/21900\/revisions\/21903"}],"wp:featuredmedia":[{"embeddable":true,"href":"https:\/\/elmetidosv.com\/index.php?rest_route=\/wp\/v2\/media\/21904"}],"wp:attachment":[{"href":"https:\/\/elmetidosv.com\/index.php?rest_route=%2Fwp%2Fv2%2Fmedia&parent=21900"}],"wp:term":[{"taxonomy":"category","embeddable":true,"href":"https:\/\/elmetidosv.com\/index.php?rest_route=%2Fwp%2Fv2%2Fcategories&post=21900"},{"taxonomy":"post_tag","embeddable":true,"href":"https:\/\/elmetidosv.com\/index.php?rest_route=%2Fwp%2Fv2%2Ftags&post=21900"}],"curies":[{"name":"wp","href":"https:\/\/api.w.org\/{rel}","templated":true}]}}