{"id":21736,"date":"2026-01-13T08:29:16","date_gmt":"2026-01-13T14:29:16","guid":{"rendered":"https:\/\/elmetidosv.com\/?p=21736"},"modified":"2026-01-13T08:29:16","modified_gmt":"2026-01-13T14:29:16","slug":"arrestaron-a-conductor-vinculado-a-accidente-fatal-en-quezaltepeque","status":"publish","type":"post","link":"https:\/\/elmetidosv.com\/?p=21736","title":{"rendered":"ARRESTARON A CONDUCTOR VINCULADO A ACCIDENTE FATAL EN QUEZALTEPEQUE"},"content":{"rendered":"\n<figure class=\"wp-block-image aligncenter size-full\"><img loading=\"lazy\" decoding=\"async\" width=\"592\" height=\"581\" src=\"https:\/\/elmetidosv.com\/wp-content\/uploads\/2026\/01\/2.png\" alt=\"\" class=\"wp-image-21738\" srcset=\"https:\/\/elmetidosv.com\/wp-content\/uploads\/2026\/01\/2.png 592w, https:\/\/elmetidosv.com\/wp-content\/uploads\/2026\/01\/2-300x294.png 300w\" sizes=\"auto, (max-width: 592px) 100vw, 592px\" \/><\/figure>\n\n\n\n<p><strong>San Salvador, El Salvador.<\/strong>\u2014 La Polic\u00eda Nacional Civil (PNC) inform\u00f3 sobre la <strong>captura de Gerardo Larios Calder\u00f3n<\/strong>, de <strong>27 a\u00f1os de edad<\/strong>, quien ser\u00e1 <strong>remitido por el delito de homicidio culposo<\/strong>, tras verse involucrado en un <strong>accidente de tr\u00e1nsito fatal<\/strong> ocurrido la <strong>ma\u00f1ana de este d\u00eda<\/strong>.<\/p>\n\n\n\n<p>El hecho se registr\u00f3 sobre el <strong>kil\u00f3metro 26 de la carretera Panamericana Este<\/strong>, en el distrito de <strong>Quezaltepeque<\/strong>. Seg\u00fan el informe preliminar, Larios Calder\u00f3n <strong>no guard\u00f3 la distancia reglamentaria<\/strong>, lo que provoc\u00f3 que <strong>colisionara contra un cami\u00f3n<\/strong> y posteriormente <strong>impactara a otro veh\u00edculo<\/strong> que circulaba en el sentido contrario.<\/p>\n\n\n\n<p>Como resultado del percance, el <strong>conductor del veh\u00edculo afectado falleci\u00f3 en el lugar<\/strong>. Las autoridades realizaron el <strong>procedimiento correspondiente<\/strong>, procesaron la escena y confirmaron que el <strong>paso vehicular ya fue habilitado en su totalidad<\/strong>.<\/p>\n\n\n\n<p>El caso quedar\u00e1 en manos de las <strong>instancias judiciales competentes<\/strong>, que determinar\u00e1n las responsabilidades conforme a la ley.<\/p>\n\n\n\n<figure class=\"wp-block-image aligncenter size-full\"><img loading=\"lazy\" decoding=\"async\" width=\"599\" height=\"574\" src=\"https:\/\/elmetidosv.com\/wp-content\/uploads\/2026\/01\/3.png\" alt=\"\" class=\"wp-image-21739\" srcset=\"https:\/\/elmetidosv.com\/wp-content\/uploads\/2026\/01\/3.png 599w, https:\/\/elmetidosv.com\/wp-content\/uploads\/2026\/01\/3-300x287.png 300w\" sizes=\"auto, (max-width: 599px) 100vw, 599px\" \/><\/figure>\n","protected":false},"excerpt":{"rendered":"<p>San Salvador, El Salvador.\u2014 La Polic\u00eda Nacional Civil (PNC) inform\u00f3 sobre la captura de Gerardo Larios Calder\u00f3n, de 27 a\u00f1os<\/p>\n","protected":false},"author":2,"featured_media":21737,"comment_status":"closed","ping_status":"","sticky":false,"template":"","format":"standard","meta":{"colormag_page_container_layout":"default_layout","colormag_page_sidebar_layout":"default_layout","footnotes":""},"categories":[1],"tags":[483,482,168,111,484,378,481,82,46,85,477,120],"class_list":["post-21736","post","type-post","status-publish","format-standard","has-post-thumbnail","hentry","category-nacional","tag-accidente-de-transito-fatal","tag-arresto","tag-captura","tag-carretera-panamericana","tag-distancia-reglamentaria","tag-el-salvador-tags-accidente-vial","tag-homicidio-culposo","tag-justicia","tag-noticias-el-salvador","tag-pnc","tag-quezaltepeque","tag-transito"],"_links":{"self":[{"href":"https:\/\/elmetidosv.com\/index.php?rest_route=\/wp\/v2\/posts\/21736","targetHints":{"allow":["GET"]}}],"collection":[{"href":"https:\/\/elmetidosv.com\/index.php?rest_route=\/wp\/v2\/posts"}],"about":[{"href":"https:\/\/elmetidosv.com\/index.php?rest_route=\/wp\/v2\/types\/post"}],"author":[{"embeddable":true,"href":"https:\/\/elmetidosv.com\/index.php?rest_route=\/wp\/v2\/users\/2"}],"replies":[{"embeddable":true,"href":"https:\/\/elmetidosv.com\/index.php?rest_route=%2Fwp%2Fv2%2Fcomments&post=21736"}],"version-history":[{"count":1,"href":"https:\/\/elmetidosv.com\/index.php?rest_route=\/wp\/v2\/posts\/21736\/revisions"}],"predecessor-version":[{"id":21740,"href":"https:\/\/elmetidosv.com\/index.php?rest_route=\/wp\/v2\/posts\/21736\/revisions\/21740"}],"wp:featuredmedia":[{"embeddable":true,"href":"https:\/\/elmetidosv.com\/index.php?rest_route=\/wp\/v2\/media\/21737"}],"wp:attachment":[{"href":"https:\/\/elmetidosv.com\/index.php?rest_route=%2Fwp%2Fv2%2Fmedia&parent=21736"}],"wp:term":[{"taxonomy":"category","embeddable":true,"href":"https:\/\/elmetidosv.com\/index.php?rest_route=%2Fwp%2Fv2%2Fcategories&post=21736"},{"taxonomy":"post_tag","embeddable":true,"href":"https:\/\/elmetidosv.com\/index.php?rest_route=%2Fwp%2Fv2%2Ftags&post=21736"}],"curies":[{"name":"wp","href":"https:\/\/api.w.org\/{rel}","templated":true}]}}