{"id":21631,"date":"2026-01-11T08:54:42","date_gmt":"2026-01-11T14:54:42","guid":{"rendered":"https:\/\/elmetidosv.com\/?p=21631"},"modified":"2026-01-11T08:54:42","modified_gmt":"2026-01-11T14:54:42","slug":"gobierno-suspende-permisos-a-empresa-salazar-romero-tras-emergencia-habitacionalla-empresa-informo-que-respondera-por-las-perdidas","status":"publish","type":"post","link":"https:\/\/elmetidosv.com\/?p=21631","title":{"rendered":"GOBIERNO SUSPENDE PERMISOS A EMPRESA SALAZAR ROMERO TRAS EMERGENCIA HABITACIONAL;LA EMPRESA INFORM\u00d3 QUE RESPONDER\u00c1 POR LAS PERDIDAS"},"content":{"rendered":"\n<figure class=\"wp-block-image aligncenter size-full\"><img loading=\"lazy\" decoding=\"async\" width=\"471\" height=\"596\" src=\"https:\/\/elmetidosv.com\/wp-content\/uploads\/2026\/01\/versalles-11.png\" alt=\"\" class=\"wp-image-21633\" srcset=\"https:\/\/elmetidosv.com\/wp-content\/uploads\/2026\/01\/versalles-11.png 471w, https:\/\/elmetidosv.com\/wp-content\/uploads\/2026\/01\/versalles-11-237x300.png 237w\" sizes=\"auto, (max-width: 471px) 100vw, 471px\" \/><\/figure>\n\n\n\n<p><strong>San Salvador.<\/strong> El Gobierno de El Salvador suspendi\u00f3 de forma inmediata y a nivel nacional los permisos de construcci\u00f3n y parcelaci\u00f3n otorgados a la empresa Salazar Romero y a sus empresas aliadas, tras una emergencia registrada en un complejo habitacional afectado por inundaciones, inform\u00f3 la ministra de Vivienda, Michelle Sol.<\/p>\n\n\n\n<p>La funcionaria explic\u00f3 que la medida estar\u00e1 vigente hasta que se cumpla con todos los procesos legales correspondientes y se garantice la compensaci\u00f3n total a las familias afectadas. En ese sentido, fue enf\u00e1tica al se\u00f1alar que el Estado no permitir\u00e1 que proyectos habitacionales pongan en riesgo la vida de las personas ni que se aprovechen de la necesidad de las familias salvadore\u00f1as.<\/p>\n\n\n\n<p>De manera preliminar, las autoridades han identificado posibles fallas en el sistema de drenaje del proyecto habitacional, situaci\u00f3n que ser\u00e1 confirmada mediante una inspecci\u00f3n t\u00e9cnica especializada que realizar\u00e1 el Ministerio de Vivienda en coordinaci\u00f3n con otras instituciones.<\/p>\n\n\n\n<p>Asimismo, la ministra Sol anunci\u00f3 que se llevar\u00e1 a cabo un censo detallado, familia por familia, con el objetivo de cuantificar los da\u00f1os ocasionados y exigir que la empresa responsable asuma plenamente las consecuencias de lo ocurrido.<\/p>\n\n\n\n<p>Por su parte, la empresa involucrada emiti\u00f3 un comunicado en el que asegur\u00f3 que responder\u00e1 por las p\u00e9rdidas de las familias afectadas. En el documento, la compa\u00f1\u00eda Global Developers inform\u00f3 que brindar\u00e1 todo el apoyo necesario a las personas damnificadas por las inundaciones registradas la noche del incidente en el Complejo Habitacional \u201cMarsella II\u201d.<\/p>\n\n\n\n<p>Seg\u00fan la empresa, los da\u00f1os provocados por la tormenta ser\u00e1n atendidos de forma inmediata y se dar\u00e1 respuesta a los afectados a partir del d\u00eda siguiente, como parte de su compromiso con las familias perjudicadas.<\/p>\n\n\n\n<p>Las autoridades reiteraron que el proceso de verificaci\u00f3n continuar\u00e1 y que no se restablecer\u00e1n los permisos hasta que se garantice el cumplimiento de la ley y la seguridad de los proyectos habitacionales en todo el pa\u00eds.<\/p>\n\n\n\n<figure class=\"wp-block-image size-large\"><img loading=\"lazy\" decoding=\"async\" width=\"789\" height=\"1024\" src=\"https:\/\/elmetidosv.com\/wp-content\/uploads\/2026\/01\/marsella-2-789x1024.jpg\" alt=\"\" class=\"wp-image-21634\" srcset=\"https:\/\/elmetidosv.com\/wp-content\/uploads\/2026\/01\/marsella-2-789x1024.jpg 789w, https:\/\/elmetidosv.com\/wp-content\/uploads\/2026\/01\/marsella-2-231x300.jpg 231w, https:\/\/elmetidosv.com\/wp-content\/uploads\/2026\/01\/marsella-2-768x996.jpg 768w, https:\/\/elmetidosv.com\/wp-content\/uploads\/2026\/01\/marsella-2.jpg 808w\" sizes=\"auto, (max-width: 789px) 100vw, 789px\" \/><\/figure>\n","protected":false},"excerpt":{"rendered":"<p>San Salvador. El Gobierno de El Salvador suspendi\u00f3 de forma inmediata y a nivel nacional los permisos de construcci\u00f3n y<\/p>\n","protected":false},"author":2,"featured_media":21632,"comment_status":"closed","ping_status":"","sticky":false,"template":"","format":"standard","meta":{"colormag_page_container_layout":"default_layout","colormag_page_sidebar_layout":"default_layout","footnotes":""},"categories":[1],"tags":[332,330,320,325,331,200,327,323,324,322,201,329,326,321,328],"class_list":["post-21631","post","type-post","status-publish","format-standard","has-post-thumbnail","hentry","category-nacional","tag-construccion","tag-emergencia","tag-emergencia-habitacional","tag-global-developers","tag-gobierno","tag-gobierno-de-el-salvador","tag-inundaciones","tag-marsella-ii","tag-michelle-sol","tag-ministerio-de-vivienda","tag-noticias-nacionales","tag-proyectos-habitacionales-tags-el-salvador","tag-salazar-romero","tag-suspension-de-permisos","tag-vivienda"],"_links":{"self":[{"href":"https:\/\/elmetidosv.com\/index.php?rest_route=\/wp\/v2\/posts\/21631","targetHints":{"allow":["GET"]}}],"collection":[{"href":"https:\/\/elmetidosv.com\/index.php?rest_route=\/wp\/v2\/posts"}],"about":[{"href":"https:\/\/elmetidosv.com\/index.php?rest_route=\/wp\/v2\/types\/post"}],"author":[{"embeddable":true,"href":"https:\/\/elmetidosv.com\/index.php?rest_route=\/wp\/v2\/users\/2"}],"replies":[{"embeddable":true,"href":"https:\/\/elmetidosv.com\/index.php?rest_route=%2Fwp%2Fv2%2Fcomments&post=21631"}],"version-history":[{"count":1,"href":"https:\/\/elmetidosv.com\/index.php?rest_route=\/wp\/v2\/posts\/21631\/revisions"}],"predecessor-version":[{"id":21635,"href":"https:\/\/elmetidosv.com\/index.php?rest_route=\/wp\/v2\/posts\/21631\/revisions\/21635"}],"wp:featuredmedia":[{"embeddable":true,"href":"https:\/\/elmetidosv.com\/index.php?rest_route=\/wp\/v2\/media\/21632"}],"wp:attachment":[{"href":"https:\/\/elmetidosv.com\/index.php?rest_route=%2Fwp%2Fv2%2Fmedia&parent=21631"}],"wp:term":[{"taxonomy":"category","embeddable":true,"href":"https:\/\/elmetidosv.com\/index.php?rest_route=%2Fwp%2Fv2%2Fcategories&post=21631"},{"taxonomy":"post_tag","embeddable":true,"href":"https:\/\/elmetidosv.com\/index.php?rest_route=%2Fwp%2Fv2%2Ftags&post=21631"}],"curies":[{"name":"wp","href":"https:\/\/api.w.org\/{rel}","templated":true}]}}