{"id":2154,"date":"2020-05-01T14:07:14","date_gmt":"2020-05-01T20:07:14","guid":{"rendered":"http:\/\/elmetidosve.com\/?p=2154"},"modified":"2020-05-01T14:07:20","modified_gmt":"2020-05-01T20:07:20","slug":"la-pandemia-de-covid-19-ya-ha-causado-mas-de-140-000-muertes-en-europa","status":"publish","type":"post","link":"https:\/\/elmetidosv.com\/?p=2154","title":{"rendered":"La pandemia de covid-19 ya ha causado m\u00e1s de 140.000 muertes en Europa"},"content":{"rendered":"\n<p>Tres cuartas partes del total de fallecimientos se registraron en Italia, Reino Unido, Espa\u00f1a y Francia.<\/p>\n\n\n\n<p>La pandemia de covid-19 ya ha causado en Europa m\u00e1s de 140.000 muertes, de las que tres cuartas se han registrado en Italia, Reino Unido, Espa\u00f1a y Francia, informa AFP.<\/p>\n\n\n\n<p>Del total de 140.096 muertes causadas en Europe por el coronavirus, 28.236 se registraron en Italia, 27.510 en Reino Unido, 24.824 en Espa\u00f1a y 24.594 en Francia, seg\u00fan los c\u00e1lculos de la agencia.<\/p>\n\n\n\n<p>El director general de la Organizaci\u00f3n Mundial de la Salud (OMS), Tedros Adhanom Ghebreyesus, ha advertido este viernes que la pandemia de coronavirus, que ya ha dejado m\u00e1s de 3,2 millones de infectados y 230.000 muertos en todo el mundo, sigue siendo una emergencia de salud p\u00fablica de preocupaci\u00f3n internacional.<\/p>\n\n\n\n<p>El director para Europa de la OMS, Hans Kluge, ha advertido este viernes que los pa\u00edses deben prepararse para una \u00absegunda o tercera ola\u00bb del coronavirus, hasta que haya una vacuna disponible.<\/p>\n\n\n\n<p>Europa acumula el 46 % de los casos y el 63 % de las muertes a nivel mundial por covid-19. En todo el continente, los contagios han aumentado un 15 % en los \u00faltimos siete d\u00edas, elev\u00e1ndose a m\u00e1s de 1.408.000, constat\u00f3 Kluge.<\/p>\n\n\n\n<p>El director de la OMS para Europa advirti\u00f3 que el covid-19 \u00abno va a desaparecer pronto\u00bb, al tiempo que subray\u00f3 que la incidencia de la pandemia en Europa sigue siendo seria, si bien la curva tiende a aplanarse o se reduce el aumento de nuevos casos en algunas partes del continente.<\/p>\n","protected":false},"excerpt":{"rendered":"<p>Tres cuartas partes del total de fallecimientos se registraron en Italia, Reino Unido, Espa\u00f1a y Francia. La pandemia de covid-19<\/p>\n","protected":false},"author":1,"featured_media":2155,"comment_status":"open","ping_status":"open","sticky":false,"template":"","format":"standard","meta":{"colormag_page_container_layout":"default_layout","colormag_page_sidebar_layout":"default_layout","footnotes":""},"categories":[1],"tags":[],"class_list":["post-2154","post","type-post","status-publish","format-standard","has-post-thumbnail","hentry","category-nacional"],"_links":{"self":[{"href":"https:\/\/elmetidosv.com\/index.php?rest_route=\/wp\/v2\/posts\/2154","targetHints":{"allow":["GET"]}}],"collection":[{"href":"https:\/\/elmetidosv.com\/index.php?rest_route=\/wp\/v2\/posts"}],"about":[{"href":"https:\/\/elmetidosv.com\/index.php?rest_route=\/wp\/v2\/types\/post"}],"author":[{"embeddable":true,"href":"https:\/\/elmetidosv.com\/index.php?rest_route=\/wp\/v2\/users\/1"}],"replies":[{"embeddable":true,"href":"https:\/\/elmetidosv.com\/index.php?rest_route=%2Fwp%2Fv2%2Fcomments&post=2154"}],"version-history":[{"count":1,"href":"https:\/\/elmetidosv.com\/index.php?rest_route=\/wp\/v2\/posts\/2154\/revisions"}],"predecessor-version":[{"id":2156,"href":"https:\/\/elmetidosv.com\/index.php?rest_route=\/wp\/v2\/posts\/2154\/revisions\/2156"}],"wp:featuredmedia":[{"embeddable":true,"href":"https:\/\/elmetidosv.com\/index.php?rest_route=\/wp\/v2\/media\/2155"}],"wp:attachment":[{"href":"https:\/\/elmetidosv.com\/index.php?rest_route=%2Fwp%2Fv2%2Fmedia&parent=2154"}],"wp:term":[{"taxonomy":"category","embeddable":true,"href":"https:\/\/elmetidosv.com\/index.php?rest_route=%2Fwp%2Fv2%2Fcategories&post=2154"},{"taxonomy":"post_tag","embeddable":true,"href":"https:\/\/elmetidosv.com\/index.php?rest_route=%2Fwp%2Fv2%2Ftags&post=2154"}],"curies":[{"name":"wp","href":"https:\/\/api.w.org\/{rel}","templated":true}]}}