{"id":2134,"date":"2020-05-01T13:42:30","date_gmt":"2020-05-01T19:42:30","guid":{"rendered":"http:\/\/elmetidosve.com\/?p=2134"},"modified":"2020-05-01T13:42:36","modified_gmt":"2020-05-01T19:42:36","slug":"paciente-de-63-anos-diabetico-se-recupero-del-covid-19-y-recibe-el-alta-este-viernes-en-hospital-san-rafael","status":"publish","type":"post","link":"https:\/\/elmetidosv.com\/?p=2134","title":{"rendered":"Paciente de 63 a\u00f1os, diab\u00e9tico, se recuper\u00f3 del Covid-19 y recibe el alta este viernes en Hospital San Rafael"},"content":{"rendered":"\n<figure class=\"wp-block-gallery columns-3 is-cropped wp-block-gallery-1 is-layout-flex wp-block-gallery-is-layout-flex\"><ul class=\"blocks-gallery-grid\"><li class=\"blocks-gallery-item\"><figure><img loading=\"lazy\" decoding=\"async\" width=\"360\" height=\"240\" src=\"http:\/\/elmetidosve.com\/wp-content\/uploads\/2020\/05\/000000000000000000-2.jpg\" alt=\"\" data-id=\"2135\" data-full-url=\"http:\/\/elmetidosve.com\/wp-content\/uploads\/2020\/05\/000000000000000000-2.jpg\" data-link=\"http:\/\/elmetidosve.com\/?attachment_id=2135\" class=\"wp-image-2135\" srcset=\"https:\/\/elmetidosv.com\/wp-content\/uploads\/2020\/05\/000000000000000000-2.jpg 360w, https:\/\/elmetidosv.com\/wp-content\/uploads\/2020\/05\/000000000000000000-2-300x200.jpg 300w\" sizes=\"auto, (max-width: 360px) 100vw, 360px\" \/><\/figure><\/li><li class=\"blocks-gallery-item\"><figure><img loading=\"lazy\" decoding=\"async\" width=\"360\" height=\"240\" src=\"http:\/\/elmetidosve.com\/wp-content\/uploads\/2020\/05\/000000000000000-1.jpg\" alt=\"\" data-id=\"2136\" data-full-url=\"http:\/\/elmetidosve.com\/wp-content\/uploads\/2020\/05\/000000000000000-1.jpg\" data-link=\"http:\/\/elmetidosve.com\/?attachment_id=2136\" class=\"wp-image-2136\" srcset=\"https:\/\/elmetidosv.com\/wp-content\/uploads\/2020\/05\/000000000000000-1.jpg 360w, https:\/\/elmetidosv.com\/wp-content\/uploads\/2020\/05\/000000000000000-1-300x200.jpg 300w\" sizes=\"auto, (max-width: 360px) 100vw, 360px\" \/><\/figure><\/li><li class=\"blocks-gallery-item\"><figure><img loading=\"lazy\" decoding=\"async\" width=\"360\" height=\"243\" src=\"http:\/\/elmetidosve.com\/wp-content\/uploads\/2020\/05\/0000.jpg\" alt=\"\" data-id=\"2137\" data-full-url=\"http:\/\/elmetidosve.com\/wp-content\/uploads\/2020\/05\/0000.jpg\" data-link=\"http:\/\/elmetidosve.com\/?attachment_id=2137\" class=\"wp-image-2137\" srcset=\"https:\/\/elmetidosv.com\/wp-content\/uploads\/2020\/05\/0000.jpg 360w, https:\/\/elmetidosv.com\/wp-content\/uploads\/2020\/05\/0000-300x203.jpg 300w\" sizes=\"auto, (max-width: 360px) 100vw, 360px\" \/><\/figure><\/li><\/ul><\/figure>\n\n\n\n<p>Un paciente de 63 a\u00f1os recibe el alta este viernes 1o. de mayo luego de recuperarse del Covid-19 en El Salvador, inform\u00f3 el Ministerio de Salud en sus redes sociales.<\/p>\n\n\n\n<p>Se trata de un hombre diab\u00e9tico quien estuvo en la Unidad de Cuidados Intensivos (UCI) del Hospital San Rafael de Santa Tecla, en La Libertad.<\/p>\n\n\n\n<p>Luego de la oportuna asistencia m\u00e9dica, el hombre logr\u00f3 vencer el coronavirus y ahora se dirige hacia su casa para reunirse con familiares. El paciente fue despedido del centro m\u00e9dico entre aplausos.<\/p>\n\n\n\n<p>El ministro de Salud, Francisco Alabi, se hizo presente en el hospital esta ma\u00f1ana para despachar al paciente quien ya est\u00e1 recuperado y al que se le han dado instrucciones sanitarias para poner en pr\u00e1ctica en su vivienda.<\/p>\n\n\n\n<p>\u201cEl protocolo que se est\u00e1 implementando es el avalado por OMS; con este paciente ya suman 125 recuperados\u201d detallaron las autoridades de Salud en redes sociales y agradecieron al personal m\u00e9dico.<\/p>\n\n\n\n<p>Ayer jueves tambi\u00e9n se dio el alta a una jovencita de 16 a\u00f1os que venci\u00f3 el Covid-19 en el Hospital San Rafael.<\/p>\n","protected":false},"excerpt":{"rendered":"<p>Un paciente de 63 a\u00f1os recibe el alta este viernes 1o. de mayo luego de recuperarse del Covid-19 en El<\/p>\n","protected":false},"author":1,"featured_media":2135,"comment_status":"open","ping_status":"open","sticky":false,"template":"","format":"standard","meta":{"colormag_page_container_layout":"default_layout","colormag_page_sidebar_layout":"default_layout","footnotes":""},"categories":[1],"tags":[],"class_list":["post-2134","post","type-post","status-publish","format-standard","has-post-thumbnail","hentry","category-nacional"],"_links":{"self":[{"href":"https:\/\/elmetidosv.com\/index.php?rest_route=\/wp\/v2\/posts\/2134","targetHints":{"allow":["GET"]}}],"collection":[{"href":"https:\/\/elmetidosv.com\/index.php?rest_route=\/wp\/v2\/posts"}],"about":[{"href":"https:\/\/elmetidosv.com\/index.php?rest_route=\/wp\/v2\/types\/post"}],"author":[{"embeddable":true,"href":"https:\/\/elmetidosv.com\/index.php?rest_route=\/wp\/v2\/users\/1"}],"replies":[{"embeddable":true,"href":"https:\/\/elmetidosv.com\/index.php?rest_route=%2Fwp%2Fv2%2Fcomments&post=2134"}],"version-history":[{"count":1,"href":"https:\/\/elmetidosv.com\/index.php?rest_route=\/wp\/v2\/posts\/2134\/revisions"}],"predecessor-version":[{"id":2139,"href":"https:\/\/elmetidosv.com\/index.php?rest_route=\/wp\/v2\/posts\/2134\/revisions\/2139"}],"wp:featuredmedia":[{"embeddable":true,"href":"https:\/\/elmetidosv.com\/index.php?rest_route=\/wp\/v2\/media\/2135"}],"wp:attachment":[{"href":"https:\/\/elmetidosv.com\/index.php?rest_route=%2Fwp%2Fv2%2Fmedia&parent=2134"}],"wp:term":[{"taxonomy":"category","embeddable":true,"href":"https:\/\/elmetidosv.com\/index.php?rest_route=%2Fwp%2Fv2%2Fcategories&post=2134"},{"taxonomy":"post_tag","embeddable":true,"href":"https:\/\/elmetidosv.com\/index.php?rest_route=%2Fwp%2Fv2%2Ftags&post=2134"}],"curies":[{"name":"wp","href":"https:\/\/api.w.org\/{rel}","templated":true}]}}