{"id":21188,"date":"2022-11-10T13:45:55","date_gmt":"2022-11-10T19:45:55","guid":{"rendered":"http:\/\/elmetidosve.com\/?p=21188"},"modified":"2022-11-10T13:45:55","modified_gmt":"2022-11-10T19:45:55","slug":"imponen-condenan-de-hasta-80-anos-de-carcel-para-criminales-de-usulutan","status":"publish","type":"post","link":"https:\/\/elmetidosv.com\/?p=21188","title":{"rendered":"Imponen condenan de hasta 80 a\u00f1os de c\u00e1rcel para criminales de Usulut\u00e1n"},"content":{"rendered":"<p>Tras presentar un caso bastante fuerte en pruebas, la Fiscal\u00eda General de la Rep\u00fablica (FGR) logr\u00f3 que el Juzgado Especializado de Sentencia de San Miguel condene a 10 pandilleros de la MS-13 que operaban en el oriente del pa\u00eds. Recibieron penas de hasta 80 a\u00f1os de prisi\u00f3n.<\/p>\n<p>El juez valor\u00f3 el nivel de implicaci\u00f3n de los criminales implicados en 7 asesinatos; entre estos, un doble homicidio ocurrido a mediados de 2015, en el cant\u00f3n San Marcos Lempa, del municipio de Jiquilisco, Usulut\u00e1n.<\/p>\n<p>En ese asesinato, el pandillero Carlos Javier Argueta, condenado a 80 a\u00f1os de c\u00e1rcel, fue el principal implicado en la privaci\u00f3n de libertad de los dos hombres. Inicialmente los intercept\u00f3, revis\u00f3 sus m\u00f3viles y desde una casa ubicada en Usulut\u00e1n los traslad\u00f3 hasta un predio bald\u00edo del cant\u00f3n San Marcos Lempa, donde oblig\u00f3 a las v\u00edctimas a cavar un hoyo, y al mismo tiempo les cuestionaba si eran pandilleros.<\/p>\n<p>Las v\u00edctimas, finalmente, fueron enterrados en la misma fosa que les obligaron a cavar. Los restos fueron encontrados en noviembre del 2016.<\/p>\n<p>A Javier Argueta tambi\u00e9n se le conden\u00f3 por el crimen de Delmy Vanessa Contreras Monge y Jos\u00e9 Isa\u00edas Salmer\u00f3n.<\/p>\n<p>Tambi\u00e9n se impuso las siguientes condenas: Edgardo de Jes\u00fas G\u00f3mez, 60 a\u00f1os de c\u00e1rcel; Sa\u00fal Ram\u00edrez P\u00e9rez, 50 a\u00f1os de prisi\u00f3n; Juan Miguel Gonz\u00e1lez Hern\u00e1ndez, 20 a\u00f1os de c\u00e1rcel -por asesinato-. Manuel de Jes\u00fas del Cid Granados recibi\u00f3 una sentencia de 20 a\u00f1os de prisi\u00f3n por el homicidio de Idalia Aracely Perdomo y 10 a\u00f1os m\u00e1s por organizaciones terroristas.<\/p>\n<p>Por ese \u00faltimo delito tambi\u00e9n fueron condenados a 10 a\u00f1os de prisi\u00f3n Jos\u00e9 Miguel Argueta Hern\u00e1ndez, Antony Natanael Perdomo Herrera, Gil Fernando Pe\u00f1a Valladares, Melvin Geovanny M\u00e1rquez y Jos\u00e9 Luis Hern\u00e1ndez.<\/p>\n","protected":false},"excerpt":{"rendered":"<p>Tras presentar un caso bastante fuerte en pruebas, la Fiscal\u00eda General de la Rep\u00fablica (FGR) logr\u00f3 que el Juzgado Especializado<\/p>\n","protected":false},"author":2,"featured_media":21189,"comment_status":"open","ping_status":"open","sticky":false,"template":"","format":"standard","meta":{"colormag_page_container_layout":"default_layout","colormag_page_sidebar_layout":"default_layout","footnotes":""},"categories":[1],"tags":[],"class_list":["post-21188","post","type-post","status-publish","format-standard","has-post-thumbnail","hentry","category-nacional"],"_links":{"self":[{"href":"https:\/\/elmetidosv.com\/index.php?rest_route=\/wp\/v2\/posts\/21188","targetHints":{"allow":["GET"]}}],"collection":[{"href":"https:\/\/elmetidosv.com\/index.php?rest_route=\/wp\/v2\/posts"}],"about":[{"href":"https:\/\/elmetidosv.com\/index.php?rest_route=\/wp\/v2\/types\/post"}],"author":[{"embeddable":true,"href":"https:\/\/elmetidosv.com\/index.php?rest_route=\/wp\/v2\/users\/2"}],"replies":[{"embeddable":true,"href":"https:\/\/elmetidosv.com\/index.php?rest_route=%2Fwp%2Fv2%2Fcomments&post=21188"}],"version-history":[{"count":1,"href":"https:\/\/elmetidosv.com\/index.php?rest_route=\/wp\/v2\/posts\/21188\/revisions"}],"predecessor-version":[{"id":21190,"href":"https:\/\/elmetidosv.com\/index.php?rest_route=\/wp\/v2\/posts\/21188\/revisions\/21190"}],"wp:featuredmedia":[{"embeddable":true,"href":"https:\/\/elmetidosv.com\/index.php?rest_route=\/wp\/v2\/media\/21189"}],"wp:attachment":[{"href":"https:\/\/elmetidosv.com\/index.php?rest_route=%2Fwp%2Fv2%2Fmedia&parent=21188"}],"wp:term":[{"taxonomy":"category","embeddable":true,"href":"https:\/\/elmetidosv.com\/index.php?rest_route=%2Fwp%2Fv2%2Fcategories&post=21188"},{"taxonomy":"post_tag","embeddable":true,"href":"https:\/\/elmetidosv.com\/index.php?rest_route=%2Fwp%2Fv2%2Ftags&post=21188"}],"curies":[{"name":"wp","href":"https:\/\/api.w.org\/{rel}","templated":true}]}}