{"id":21132,"date":"2022-11-08T15:25:21","date_gmt":"2022-11-08T21:25:21","guid":{"rendered":"http:\/\/elmetidosve.com\/?p=21132"},"modified":"2022-11-08T15:25:21","modified_gmt":"2022-11-08T21:25:21","slug":"rescatan-a-cocodrilo-hembra-en-cautiverio-en-una-finca-en-santa-tecla","status":"publish","type":"post","link":"https:\/\/elmetidosv.com\/?p=21132","title":{"rendered":"Rescatan a cocodrilo hembra en cautiverio en una finca en Santa Tecla"},"content":{"rendered":"<p>Un cocodrilo hembra que ten\u00eda 16 a\u00f1os de estar en cautiverio en una finca en Santa Tecla fue rescatado por equipos t\u00e9cnicos y de guardarrecursos del Ministerio de Medio Ambiente y Recursos Naturales (MARN).<\/p>\n<p>El MARN indic\u00f3 que el reptil mide 2.63 metros de largo y tiene un peso aproximadamente de 300 libras, y durante todos estos a\u00f1os permaneci\u00f3 en un recinto inadecuado.<\/p>\n<p>Por su tama\u00f1o y peligrosidad, miembros de equipos especializados en manejo de cocodrilos lo inmovilizaron para poder censarlo, hacer una revisi\u00f3n veterinaria y trasladarlo de manera segura a una zona propia de su h\u00e1bitat dentro de una \u00c1rea Natural Protegida (ANP).<\/p>\n<p>Autoridades recordaron a la poblaci\u00f3n que estos animales no son mascotas y cumplen un papel fundamental en los ecosistemas, por lo que nunca debe tenerse a un esp\u00e9cimen de estos en casa.<\/p>\n<p>De igual manera, autoridades agregaron que el cocodrilo al ser un animal primitivo no pierde sus instintos de defensa, caza y reproducci\u00f3n.<\/p>\n","protected":false},"excerpt":{"rendered":"<p>Un cocodrilo hembra que ten\u00eda 16 a\u00f1os de estar en cautiverio en una finca en Santa Tecla fue rescatado por<\/p>\n","protected":false},"author":2,"featured_media":21133,"comment_status":"open","ping_status":"open","sticky":false,"template":"","format":"standard","meta":{"colormag_page_container_layout":"default_layout","colormag_page_sidebar_layout":"default_layout","footnotes":""},"categories":[1],"tags":[],"class_list":["post-21132","post","type-post","status-publish","format-standard","has-post-thumbnail","hentry","category-nacional"],"_links":{"self":[{"href":"https:\/\/elmetidosv.com\/index.php?rest_route=\/wp\/v2\/posts\/21132","targetHints":{"allow":["GET"]}}],"collection":[{"href":"https:\/\/elmetidosv.com\/index.php?rest_route=\/wp\/v2\/posts"}],"about":[{"href":"https:\/\/elmetidosv.com\/index.php?rest_route=\/wp\/v2\/types\/post"}],"author":[{"embeddable":true,"href":"https:\/\/elmetidosv.com\/index.php?rest_route=\/wp\/v2\/users\/2"}],"replies":[{"embeddable":true,"href":"https:\/\/elmetidosv.com\/index.php?rest_route=%2Fwp%2Fv2%2Fcomments&post=21132"}],"version-history":[{"count":1,"href":"https:\/\/elmetidosv.com\/index.php?rest_route=\/wp\/v2\/posts\/21132\/revisions"}],"predecessor-version":[{"id":21134,"href":"https:\/\/elmetidosv.com\/index.php?rest_route=\/wp\/v2\/posts\/21132\/revisions\/21134"}],"wp:featuredmedia":[{"embeddable":true,"href":"https:\/\/elmetidosv.com\/index.php?rest_route=\/wp\/v2\/media\/21133"}],"wp:attachment":[{"href":"https:\/\/elmetidosv.com\/index.php?rest_route=%2Fwp%2Fv2%2Fmedia&parent=21132"}],"wp:term":[{"taxonomy":"category","embeddable":true,"href":"https:\/\/elmetidosv.com\/index.php?rest_route=%2Fwp%2Fv2%2Fcategories&post=21132"},{"taxonomy":"post_tag","embeddable":true,"href":"https:\/\/elmetidosv.com\/index.php?rest_route=%2Fwp%2Fv2%2Ftags&post=21132"}],"curies":[{"name":"wp","href":"https:\/\/api.w.org\/{rel}","templated":true}]}}