{"id":21094,"date":"2022-10-27T13:50:14","date_gmt":"2022-10-27T19:50:14","guid":{"rendered":"http:\/\/elmetidosve.com\/?p=21094"},"modified":"2022-10-27T13:50:14","modified_gmt":"2022-10-27T19:50:14","slug":"conductor-de-rastra-involucrada-en-accidente-da-su-version-de-los-hechos","status":"publish","type":"post","link":"https:\/\/elmetidosv.com\/?p=21094","title":{"rendered":"Conductor de rastra involucrada en accidente da su versi\u00f3n de los hechos"},"content":{"rendered":"<p><img decoding=\"async\" class=\"aligncenter\" src=\"https:\/\/pbs.twimg.com\/media\/FgFnreeWIAAvoEy?format=jpg&amp;name=small\" alt=\"Imagen\" \/><\/p>\n<p>Un grave accidente se tr\u00e1nsito ocurri\u00f3 la ma\u00f1ana de este jueves, en el municipio de Santa Tecla, La Libertad, en el que varias personas resultaron lesionadas y una muri\u00f3.<\/p>\n<p>El percance se origin\u00f3 debido a que una Coaster de la ruta 101-D impact\u00f3 con la parte trasera de una rastra, los lesionados fueron trasladados a diferentes centros asistenciales, dijo la PNC.<\/p>\n<p>En cuanto a las causas del percance, se menciona que se debi\u00f3 al exceso de velocidad, por lo que el conductor del microb\u00fas identificado como Jos\u00e9 Mauricio Vel\u00e1squez, quien fue hospitalizado bajo custodia policial y enfrentar\u00e1 a la justicia por homicidio culposo y lesiones.<\/p>\n<p>Entre tanto, el conductor de la rastra declar\u00f3 a los medios de comunicaci\u00f3n que al momento de siniestro vial, \u00e9l se conduc\u00eda a la derecha y a velocidad moderada; pero el conductor de la Coaster ven\u00eda a toda velocidad y no pudo frenar a tiempo e impact\u00f3 con la parte trasera del cami\u00f3n.<\/p>\n<p>\u201cYo vengo circulando a mi derecha, no es que haya estado varado, pero (\u00e9l) muy r\u00e1pido ven\u00eda y ven\u00eda muy lleno de gente, quiso esquivarse, ya no pudo y peg\u00f3 en la esquina de la rastra\u201d, manifest\u00f3 el motorista de la rastra quien no fue identificado.<\/p>\n","protected":false},"excerpt":{"rendered":"<p>Un grave accidente se tr\u00e1nsito ocurri\u00f3 la ma\u00f1ana de este jueves, en el municipio de Santa Tecla, La Libertad, en<\/p>\n","protected":false},"author":2,"featured_media":21095,"comment_status":"open","ping_status":"open","sticky":false,"template":"","format":"standard","meta":{"colormag_page_container_layout":"default_layout","colormag_page_sidebar_layout":"default_layout","footnotes":""},"categories":[1],"tags":[],"class_list":["post-21094","post","type-post","status-publish","format-standard","has-post-thumbnail","hentry","category-nacional"],"_links":{"self":[{"href":"https:\/\/elmetidosv.com\/index.php?rest_route=\/wp\/v2\/posts\/21094","targetHints":{"allow":["GET"]}}],"collection":[{"href":"https:\/\/elmetidosv.com\/index.php?rest_route=\/wp\/v2\/posts"}],"about":[{"href":"https:\/\/elmetidosv.com\/index.php?rest_route=\/wp\/v2\/types\/post"}],"author":[{"embeddable":true,"href":"https:\/\/elmetidosv.com\/index.php?rest_route=\/wp\/v2\/users\/2"}],"replies":[{"embeddable":true,"href":"https:\/\/elmetidosv.com\/index.php?rest_route=%2Fwp%2Fv2%2Fcomments&post=21094"}],"version-history":[{"count":1,"href":"https:\/\/elmetidosv.com\/index.php?rest_route=\/wp\/v2\/posts\/21094\/revisions"}],"predecessor-version":[{"id":21096,"href":"https:\/\/elmetidosv.com\/index.php?rest_route=\/wp\/v2\/posts\/21094\/revisions\/21096"}],"wp:featuredmedia":[{"embeddable":true,"href":"https:\/\/elmetidosv.com\/index.php?rest_route=\/wp\/v2\/media\/21095"}],"wp:attachment":[{"href":"https:\/\/elmetidosv.com\/index.php?rest_route=%2Fwp%2Fv2%2Fmedia&parent=21094"}],"wp:term":[{"taxonomy":"category","embeddable":true,"href":"https:\/\/elmetidosv.com\/index.php?rest_route=%2Fwp%2Fv2%2Fcategories&post=21094"},{"taxonomy":"post_tag","embeddable":true,"href":"https:\/\/elmetidosv.com\/index.php?rest_route=%2Fwp%2Fv2%2Ftags&post=21094"}],"curies":[{"name":"wp","href":"https:\/\/api.w.org\/{rel}","templated":true}]}}